{"id":2304,"date":"2015-04-28T11:06:06","date_gmt":"2015-04-28T11:06:06","guid":{"rendered":""},"modified":"2026-03-11T09:12:13","modified_gmt":"2026-03-11T14:12:13","slug":"cumbre-en-el-vaticano-sobre-el-cambio-climotico","status":"publish","type":"post","link":"https:\/\/ceas.org.pe\/index.php\/2015\/04\/28\/cumbre-en-el-vaticano-sobre-el-cambio-climotico\/","title":{"rendered":"Cumbre en el Vaticano sobre el cambio clim\u00f3tico"},"content":{"rendered":"<p>\u00a0Una cumbre para consolidar un consenso global contra los cambios clim\u00e1ticos en el contexto de un desarrollo sostenible, se realiza este martes en el Vaticano, organizado por la Pontificia Academia de las Ciencias Sociales, junto con Religions for Peace y United Nations Sustainable Development Solutions Network.<\/p>\n<div>\u00a0<\/div>\n<div>El seminario que se titula \u201cProteger la tierra, ennoblecer la humanidad. Las dimensiones morales de los cambios clim\u00e1ticos y de la humanidad sostenible\u201d, cont\u00f3 con la presencia del secretario general de las Naciones Unidas, Ban Ki-moon; de la reina Silvia de Suecia; del presidente del Pontificio Consejo Justicia y Paz, el cardenal Peter Turkson; del presidente italiano Sergio Matarella; del presidente de Ecuador, Rafael Correa Delgado; y de diversas autoridades y especialistas relacionados con el tema.<\/div>\n<div>\u00a0<\/div>\n<div>Antes del inicio de la reuni\u00f3n plenaria, el Santo Padre pas\u00f3 por la Casina P\u00edo IV, donde salud\u00f3 a Ban Ki-moon, en un encuentro de aproximadamente media hora. Hacia el medio d\u00eda, tambi\u00e9n recibi\u00f3 al presidente Rafael Correa, en el estudio del Aula Pablo VI, poco distante del lugar de la cumbre.<\/div>\n<div>\u00a0<\/div>\n<div>Ban Ki-moon se dirigi\u00f3 a los presentes en el auditorio, ubicado en la Casina P\u00edo IV, sede de la Academia de las Ciencias, precisando que acababa de tener un saludo privado con el papa Francisco en el que se registr\u00f3 \u201cuna fruct\u00edfera y amplia conversaci\u00f3n\u201d. En la misma \u201celogi\u00e9 a su Santidad, as\u00ed como a todos los l\u00edderes religiosos y cient\u00edficos aqu\u00ed presentes, para profundizar los conocimientos sobre la urgente necesidad que tenemos de promover un desarrollo sostenible y orientaci\u00f3n del clima\u201d. Record\u00f3 tambi\u00e9n que \u201cel cambio clim\u00e1tico est\u00e1 intr\u00ednsecamente unido a la salud p\u00fablica, alimentos, seguridad del agua, migraci\u00f3n, paz y seguridad\u201d.<\/div>\n<div>\u00a0<\/div>\n<div>\u201cEl cambio clim\u00e1tico global tiene efectos adversos para varios aspectos de nuestra civilizaci\u00f3n y tiene que ser materia de preocupaci\u00f3n para todas las religiones del mundo\u201d, indic\u00f3 la Pontificia Academia de las Ciencias en un comunicado. En particular porque \u201cafecta cada vez m\u00e1s a las poblaciones pobres\u201d. Por este motivo desea \u201cque tome la debida importancia y dimensi\u00f3n moral, para poder proteger el clima adelant\u00e1ndose a la enc\u00edclica papal sobre el cambio clim\u00e1tico y desarrollo sostenible, desde el 2015 hacia el futuro\u201d. En particular \u00abla conexi\u00f3n entre ambiente y el respeto de las personas, especialmente los pobres, excluidos, v\u00edctimas del tr\u00e1fico humano y esclavitudes modernas, ni\u00f1os y futuras generaciones\u201d.<\/div>\n<div>\u00a0<\/div>\n<div>El programa del seminario indica que por la ma\u00f1ana se realizan dos ciclos de exposiciones, y por la tarde cuatro paneles de discusi\u00f3n.<\/div>\n<div>\u00a0<\/div>\n<div>Fuente: zenit.org<\/div>\n<p><a href=\"http:\/\/web.hilo.org.pe\/wp-content\/uploads\/cambioclimatico.jpg\" target=\"_blank\" rel=\"noopener\">Ver archivo adjunto<\/a><\/p>\n","protected":false},"excerpt":{"rendered":"<p>Una cumbre para consolidar un consenso global contra los cambios clim?ticos en el contexto de un desarrollo sostenible, se realiza este martes en el Vaticano, organizado por la Pontificia Academia de las Ciencias Sociales, junto con Religions for Peace y United Nations Sustainable Development Solutions Network.<\/p>\n","protected":false},"author":1,"featured_media":7903,"comment_status":"closed","ping_status":"closed","sticky":false,"template":"","format":"standard","meta":{"footnotes":""},"categories":[9],"tags":[],"class_list":["post-2304","post","type-post","status-publish","format-standard","has-post-thumbnail","hentry","category-noticias"],"_links":{"self":[{"href":"https:\/\/ceas.org.pe\/index.php\/wp-json\/wp\/v2\/posts\/2304","targetHints":{"allow":["GET"]}}],"collection":[{"href":"https:\/\/ceas.org.pe\/index.php\/wp-json\/wp\/v2\/posts"}],"about":[{"href":"https:\/\/ceas.org.pe\/index.php\/wp-json\/wp\/v2\/types\/post"}],"author":[{"embeddable":true,"href":"https:\/\/ceas.org.pe\/index.php\/wp-json\/wp\/v2\/users\/1"}],"replies":[{"embeddable":true,"href":"https:\/\/ceas.org.pe\/index.php\/wp-json\/wp\/v2\/comments?post=2304"}],"version-history":[{"count":1,"href":"https:\/\/ceas.org.pe\/index.php\/wp-json\/wp\/v2\/posts\/2304\/revisions"}],"predecessor-version":[{"id":6914,"href":"https:\/\/ceas.org.pe\/index.php\/wp-json\/wp\/v2\/posts\/2304\/revisions\/6914"}],"wp:featuredmedia":[{"embeddable":true,"href":"https:\/\/ceas.org.pe\/index.php\/wp-json\/wp\/v2\/media\/7903"}],"wp:attachment":[{"href":"https:\/\/ceas.org.pe\/index.php\/wp-json\/wp\/v2\/media?parent=2304"}],"wp:term":[{"taxonomy":"category","embeddable":true,"href":"https:\/\/ceas.org.pe\/index.php\/wp-json\/wp\/v2\/categories?post=2304"},{"taxonomy":"post_tag","embeddable":true,"href":"https:\/\/ceas.org.pe\/index.php\/wp-json\/wp\/v2\/tags?post=2304"}],"curies":[{"name":"wp","href":"https:\/\/api.w.org\/{rel}","templated":true}]}}