{"id":2298,"date":"2015-04-23T12:10:44","date_gmt":"2015-04-23T12:10:44","guid":{"rendered":""},"modified":"2026-03-11T09:12:14","modified_gmt":"2026-03-11T14:12:14","slug":"santa-sede-en-la-onu-pide-actuacion-urgente-sobre-persecucion-religiosa-en-oriente-medio","status":"publish","type":"post","link":"https:\/\/ceas.org.pe\/index.php\/2015\/04\/23\/santa-sede-en-la-onu-pide-actuacion-urgente-sobre-persecucion-religiosa-en-oriente-medio\/","title":{"rendered":"Santa Sede en la ONU pide actuaci\u00f3n urgente sobre persecuci\u00f3n religiosa en Oriente Medio"},"content":{"rendered":"<p>(zenit).- La preocupaci\u00f3n por la falta de progresos en las negociaciones israel\u00ed-palestina, el vac\u00edo institucional en L\u00edbano, evitar el desastre humanitario en Siria, la amenaza de la supervivencia de las comunidades cristianas en Oriente Medio. Estos son algunos de los temas tratados por monse\u00f1or Bernardito Auza, observador permanente vaticano ante las Naciones Unidas, en su intervenci\u00f3n este martes en Nueva York sobre la situaci\u00f3n de Oriente Medio. Su discurso concluy\u00f3 con la petici\u00f3n de una intervenci\u00f3n urgente. \u201cEl silencio c\u00f3mplice no es una opci\u00f3n\u201d, asegur\u00f3. \u00a0<\/p>\n<div>\u00a0<\/div>\n<div>\u00a0<\/div>\n<div>\u201cLa Santa Sede est\u00e1 profundamente preocupada por la falta total de progresos en las negociaciones entre Palestina e Israel\u201d, expres\u00f3. Asimismo, tal y como publica Radio Vaticana, asegur\u00f3 la \u201cfrustraci\u00f3n\u201d por el actual punto muerto. Por eso, el prelado record\u00f3 que \u201cIsrael tiene preocupaciones reales y leg\u00edtimas por su seguridad; a\u00fan as\u00ed, esta seguridad no llegar\u00e1 aisl\u00e1ndose de sus vecinos\u201d sino \u201ca trav\u00e9s de una paz negociada con los palestinos\u201d y la actuaci\u00f3n de la \u201csoluci\u00f3n de los dos Estados\u201d que \u201ctiene el apoyo de la Santa Sede y de la comunidad internacional en general. La Santa Sede une su voz una vez m\u00e1s a todos los hombres de paz para pedir negociaciones serias y concretas que puedan consentir lanzar de nuevo el proceso de paz\u201d.<\/div>\n<div>\u00a0<\/div>\n<div>Sobre la situaci\u00f3n del L\u00edbano, el observador vaticano precis\u00f3 que \u201cla Santa Sede no cesa de animar a los l\u00edderes del L\u00edbano para resolver la situaci\u00f3n de estancamiento que impidi\u00f3 la elecci\u00f3n del presidente en mayo de 2014, pidiendo que dejen a un lado los peque\u00f1os intereses pol\u00edticos para la preservaci\u00f3n del bien m\u00e1s grande, el de un L\u00edbano unido\u201d. A prop\u00f3sito, observ\u00f3 que este vac\u00edo institucional hace la naci\u00f3n m\u00e1s vulnerable y fr\u00e1gil frente a la situaci\u00f3n general en Oriente Medio. De este modo afirm\u00f3 que la comunidad internacional debe apoyar al L\u00edbano para que adquiera de nuevo la estabilidad y la normalidad institucional. E igualmente debe ayudar a este pa\u00eds para que asista al enorme n\u00famero de refugiados presentes en su territorio, lo que ha creado una situaci\u00f3n de riesgo de infiltraciones extremistas entre los refugiados.<\/div>\n<div>\u00a0<\/div>\n<div>Otro tema abordado por monse\u00f1or Auza fue el caso de Siria. Un conflicto que ha alcanzado \u201cniveles de barbarie asombrosos\u201d. La destrucci\u00f3n indiscriminada &#8211;dijo el prelado&#8211; de las infraestructuras de base, como las estructuras hidr\u00e1ulicas, el\u00e9ctricas, hospitales y escuelas, empeora la situaci\u00f3n de los civiles cada d\u00eda que pasa. Al respecto, advirti\u00f3 que las minor\u00edas \u00e9tnicas y religiosas est\u00e1n particularmente angustiadas.<\/div>\n<div>\u00a0<\/div>\n<div>Por eso, la Santa Sede \u201cpide a la comunidad internacional prevenir un desastre humanitario enorme que un asedio y una batalla por Alepo seguramente provocar\u00eda\u201d. Por ello, el prelado pidi\u00f3 hacer todo lo posible para evitar una nueva grave violaci\u00f3n del derecho humanitario internacional y de los derechos humanos fundamentales.<\/div>\n<div>\u00a0<\/div>\n<div>A continuaci\u00f3n, monse\u00f1or Auza record\u00f3 que la desaparici\u00f3n de las minor\u00edas \u00e9tnicas y religiosas de Oriente Medio no solo ser\u00eda una tragedia religiosa, sino una p\u00e9rdida de un patrimonio rico que ha contribuido tanto a las sociedades a las que pertenecen. El hecho de que estos grupos \u00abest\u00e1n en riesgo de extinci\u00f3n provoca angustia inexpresable y dolor\u201d dijo.<\/div>\n<div>\u00a0<\/div>\n<div>Relacionado con esto, monse\u00f1or Auza record\u00f3 que el mes pasado en Ginebra, delante del Consejo de los derechos humanos de las Naciones Unidas, 65 pa\u00edses firmaron una declaraci\u00f3n para apoyar los derechos humanos de los cristianos y de otras comunidades, en particular en Oriente Medio. \u201cTal afirmaci\u00f3n reclama la atenci\u00f3n sobre el hecho de que la inestabilidad y la guerra en Oriente Medio amenaza seriamente la existencia misma de muchas comunidades religiosas, especialmente la de los cristianos\u201d, asegur\u00f3. Por tanto, indic\u00f3 que es necesario que todos los Estados se unan juntos para \u201cafrontar esta situaci\u00f3n alarmante\u201d.<\/div>\n<div>\u00a0<\/div>\n<div>Finalmente, quiso subrayar que cualquier intervenci\u00f3n es tard\u00eda para los que ya han perdido la vida o han sido ya expulsados de sus casas y de sus pa\u00edses. \u201cPero de ahora en adelante cada acci\u00f3n tomada para salvar aunque sea una sola persona de la persecuci\u00f3n y cualquier tipo de atrocidad no es solo oportuna sino urgente\u201d, asegur\u00f3 el prelado en la Naciones Unidas. As\u00ed, concluy\u00f3 observando que \u201cno puede ser nunca una opci\u00f3n la de permanecer mirando en un silencio c\u00f3mplice\u201d cuando hoy son perseguidos, exiliados, asesinados, quemados, decapitados, solo porque pertenecen a un credo religioso diferente o a una minor\u00eda.<\/div>\n<div>\u00a0<\/div>\n<div>(RL) \u00a0(HSM)<\/div>\n<div>\u00a0<\/div>\n<div>Fuente:\u00a0zenit.org<\/div>\n<p><a href=\"http:\/\/web.hilo.org.pe\/wp-content\/uploads\/ONU.jpg\" target=\"_blank\" rel=\"noopener\">Ver archivo adjunto<\/a><\/p>\n","protected":false},"excerpt":{"rendered":"<p>(zenit).- La preocupaci?n por la falta de progresos en las negociaciones israel?-palestina, el vac?o institucional en L?bano, evitar el desastre humanitario en Siria, la amenaza de la supervivencia de las comunidades cristianas en Oriente Medio. Estos son algunos de los temas tratados por monse?or Bernardito Auza, observador permanente vaticano ante las Naciones Unidas, en su intervenci?n este martes en Nueva York sobre la situaci?n de Oriente Medio. Su discurso concluy? con la petici?n de una intervenci?n urgente. ?El silencio c?mplice no es una opci?n?, asegur?.<\/p>\n","protected":false},"author":1,"featured_media":8037,"comment_status":"closed","ping_status":"closed","sticky":false,"template":"","format":"standard","meta":{"footnotes":""},"categories":[9],"tags":[],"class_list":["post-2298","post","type-post","status-publish","format-standard","has-post-thumbnail","hentry","category-noticias"],"_links":{"self":[{"href":"https:\/\/ceas.org.pe\/index.php\/wp-json\/wp\/v2\/posts\/2298","targetHints":{"allow":["GET"]}}],"collection":[{"href":"https:\/\/ceas.org.pe\/index.php\/wp-json\/wp\/v2\/posts"}],"about":[{"href":"https:\/\/ceas.org.pe\/index.php\/wp-json\/wp\/v2\/types\/post"}],"author":[{"embeddable":true,"href":"https:\/\/ceas.org.pe\/index.php\/wp-json\/wp\/v2\/users\/1"}],"replies":[{"embeddable":true,"href":"https:\/\/ceas.org.pe\/index.php\/wp-json\/wp\/v2\/comments?post=2298"}],"version-history":[{"count":1,"href":"https:\/\/ceas.org.pe\/index.php\/wp-json\/wp\/v2\/posts\/2298\/revisions"}],"predecessor-version":[{"id":6920,"href":"https:\/\/ceas.org.pe\/index.php\/wp-json\/wp\/v2\/posts\/2298\/revisions\/6920"}],"wp:featuredmedia":[{"embeddable":true,"href":"https:\/\/ceas.org.pe\/index.php\/wp-json\/wp\/v2\/media\/8037"}],"wp:attachment":[{"href":"https:\/\/ceas.org.pe\/index.php\/wp-json\/wp\/v2\/media?parent=2298"}],"wp:term":[{"taxonomy":"category","embeddable":true,"href":"https:\/\/ceas.org.pe\/index.php\/wp-json\/wp\/v2\/categories?post=2298"},{"taxonomy":"post_tag","embeddable":true,"href":"https:\/\/ceas.org.pe\/index.php\/wp-json\/wp\/v2\/tags?post=2298"}],"curies":[{"name":"wp","href":"https:\/\/api.w.org\/{rel}","templated":true}]}}