{"id":2296,"date":"2015-04-21T11:57:26","date_gmt":"2015-04-21T11:57:26","guid":{"rendered":""},"modified":"2026-03-11T09:12:14","modified_gmt":"2026-03-11T14:12:14","slug":"mensaje-de-las-organizaciones-catolicas-de-cooperacion-al-desarrollo","status":"publish","type":"post","link":"https:\/\/ceas.org.pe\/index.php\/2015\/04\/21\/mensaje-de-las-organizaciones-catolicas-de-cooperacion-al-desarrollo\/","title":{"rendered":"Mensaje de las Organizaciones Cat\u00f3licas de Cooperaci\u00f3n al Desarrollo"},"content":{"rendered":"<div>Las Organizaciones Cat\u00f3licas de Cooperaci\u00f3n al Desarrollo (Caritas, Manos Unidas, Justicia y Paz, REDES y CONFER) queremos compartir con las comunidades cristianas y con toda la sociedad el deseo de \u201canunciar la buena noticia a los que sufren, proclamar la liberaci\u00f3n a los cautivos y a los prisioneros la libertad, y proclamar el a\u00f1o de gracia del Se\u00f1or\u201d (Isa\u00edas, 61, I-2\u00aa, 10-11).<\/div>\n<div>\u00a0<\/div>\n<div>Las organizaciones que desde 2013 sumamos nuestros esfuerzos en el marco de la iniciativa Enl\u00e1zate por la Justicia (C\u00e1ritas, Manos Unidas, Justicia y Paz, \u00a0REDES y CONFER), para dar cuenta y raz\u00f3n de nuestra visi\u00f3n fraterna de la Cooperaci\u00f3n al Desarrollo desde un Cristo comprometido con los pobres y movilizar a todos en la defensa de la justicia global, los derechos humanos y la dignidad de las personas m\u00e1s vulnerables, dirigimos nuestra mirada sobre la escandalosa realidad de desigualdad y pobreza que sigue afectando a los numerosos pa\u00edses y regiones de todo el mundo donde estamos presentes.<\/div>\n<div>\u00a0<\/div>\n<div>Llamamos, pues, la atenci\u00f3n sobre el significado decisivo que este a\u00f1o 2015, lleno de acontecimientos importantes que afectan a las personas m\u00e1s vulnerables de Espa\u00f1a y del mundo, tiene para todos nosotros.<\/div>\n<div>\u00a0<\/div>\n<div>En primer lugar, se cumplir\u00e1n dos d\u00e9cadas desde que la sociedad espa\u00f1ola empezara a exigir la inversi\u00f3n del 0,7% del Producto Interior Bruto (PIB) en programas de ayuda al desarrollo, un objetivo que si entonces a\u00fan era viable, hoy se dedica tan solo un 0,16% y es v\u00edctima del brutal desplome presupuestario que afecta a la cooperaci\u00f3n internacional de nuestro pa\u00eds, \u00a0sin parang\u00f3n en ning\u00fan otro pa\u00eds donante.<\/div>\n<div>\u00a0<\/div>\n<div>Y, segundo, en 2015 expira el plazo que las naciones miembros de la ONU acordaron en el a\u00f1o 2000 para alcanzar los ocho Objetivos de Desarrollo del Milenio (ODM): erradicar la pobreza extrema y el hambre; lograr la ense\u00f1anza primaria universal; promover la igualdad entre los g\u00e9neros y el empoderamiento de la mujer; reducir la mortalidad infantil; mejorar la salud materna; combatir el VIH\/sida, la malaria y otras enfermedades; garantizar la sostenibilidad del medio; y fomentar una alianza mundial para el desarrollo.\u00a0<\/div>\n<div>\u00a0<\/div>\n<div>Nuestras entidades y comunidades de Iglesia han aportado toda su rica experiencia, recursos y capacidades para progresar en ese compromiso. Y aunque ha habido algunos avances, son todav\u00eda legi\u00f3n los hermanos nuestros que siguen al margen de esos Objetivos. Es m\u00e1s, en los \u00faltimos a\u00f1os se ha consolidado un modelo global de desarrollo que genera lo que el Papa Francisco define como \u201ccultura del descarte\u201d, que expulsa a miles de millones de seres humanos hacia unas condiciones de desigualdad creciente y de negaci\u00f3n de derechos sociales b\u00e1sicos. Mientras, quienes m\u00e1s tienen siguen acumulando cada vez m\u00e1s riqueza, y la exhiben.<\/div>\n<div>\u00a0<\/div>\n<div>Desde nuestra identidad cristiana y como miembros de una Iglesia que \u201cguiada por el Evangelio de la misericordia y por el amor al hombre, escucha el clamor por la justicia y quiere responder a \u00e9l con todas sus fuerzas\u201d (Evangelii Gaudium, 188), queremos compartir con nuestros hermanos, miembros de una sola familia humana, nuestra respuesta renovada a la pregunta que Dios Padre nos lanza: \u201c\u00bfD\u00f3nde est\u00e1 tu hermano?\u201d (Gen, 3:9).<\/div>\n<div>\u00a0<\/div>\n<div>Os proponemos, para ello, seguir compartiendo la tarea inaplazable de acompa\u00f1ar a los m\u00e1s vulnerables, a todos esos hermanos descartados en la carrera del desarrollo que van a quedar de nuevo al margen de los objetivos de crecimiento identificados en la agenda con la que la comunidad internacional prepara el post-2015.<\/div>\n<div>\u00a0<\/div>\n<div>Os convocamos tambi\u00e9n a participar en una tarea colectiva de responsabilidad para seguir denunciando las condiciones de desigualdad e injusticia que afectan a las personas que acompa\u00f1amos, y a combatir un modelo deshumanizado de econom\u00eda basada en la exclusi\u00f3n y el m\u00e1ximo beneficio, donde los ni\u00f1os, los ancianos, las mujeres, los migrantes, los enfermos, y las minor\u00edas \u00e9tnicas o religiosas quedan abandonadas a su suerte.<\/div>\n<div>\u00a0<\/div>\n<div>Os animamos a actuar dentro de vuestros espacios vitales y comunitarios para transformar esta realidad dominada por el consumo, la acumulaci\u00f3n de bienes y el individualismo mediante un cambio de estilos de vida que los haga m\u00e1s austeros, y m\u00e1s abiertos a la solidaridad y la fraternidad con los derechos y la dignidad de los empobrecidos.<\/div>\n<div>\u00a0<\/div>\n<div>Y os proponemos seguir trabajando de manera activa durante 2015 en todos los \u00e1mbitos p\u00fablicos de participaci\u00f3n para reclamar a los responsables pol\u00edticos y agentes sociales &#8211;nacionales e internacionales&#8211; una gesti\u00f3n austera, transparente, eficaz y valiente a favor de las aut\u00e9nticas prioridades de un proyecto de desarrollo social realmente humano: la lucha contra la desigualdad y la injusticia, y la promoci\u00f3n y protecci\u00f3n de los derechos humanos de los m\u00e1s vulnerables.\u00a0<\/div>\n<div>\u00a0<\/div>\n<div>Por todo lo anterior, es nuestro deber exigir a las Administraciones P\u00fablicas que cumplan con lo comprometido en el Pacto de Estado, firmado por todos los partidos pol\u00edticos en diciembre de 2007, y recuperen la Ayuda Oficial al Desarrollo (AOD) que ha sido desmantelada como pol\u00edtica p\u00fablica y representa niveles de solidaridad inferiores a los que hab\u00eda hace 20 a\u00f1os.<\/div>\n<div>\u00a0<\/div>\n<div>Renovamos nuestra apuesta por una nueva narrativa de desarrollo escrita desde la reciprocidad y corresponsabilidad, en la que los empobrecidos sean los protagonistas. Y recordamos que todos somos una sola familia humana: nuestros rostros reflejan la diversidad del mundo, pero tambi\u00e9n una id\u00e9ntica esperanza en el futuro y una s\u00f3lida firmeza en la defensa de nuestra dignidad y la de nuestras familias.<\/div>\n<div>\u00a0<\/div>\n<div>C\u00e1ritas, CONFER, Justicia y Paz, Manos Unidas y Redes cuentan con una base social de m\u00e1s 80.000 voluntarios y 5.000 trabajadores remunerados, junto a unos 47.000 religiosos y religiosas pertenecientes a 400 congregaciones espa\u00f1olas, y un volumen de recursos econ\u00f3micos superior a los 130 millones de euros anuales, invertidos en los distintos proyectos de desarrollo que se realizan en m\u00e1s de un centenar de pa\u00edses de todo el mundo.<\/div>\n<div>\u00a0<\/div>\n<div>(IDV) (HSM)<\/div>\n<div>\u00a0<\/div>\n<p><a href=\"http:\/\/web.hilo.org.pe\/wp-content\/uploads\/mensajeorganizaciones.jpg\" target=\"_blank\" rel=\"noopener\">Ver archivo adjunto<\/a><\/p>\n","protected":false},"excerpt":{"rendered":"<p>Las Organizaciones Cat?licas de Cooperaci?n al Desarrollo (Caritas, Manos Unidas, Justicia y Paz, REDES y CONFER) queremos compartir con las comunidades cristianas y con toda la sociedad el deseo de ?anunciar la buena noticia a los que sufren, proclamar la liberaci?n a los cautivos y a los prisioneros la libertad, y proclamar el a?o de gracia del Se?or? (Isa?as, 61, I-2?, 10-11).<\/p>\n","protected":false},"author":1,"featured_media":7973,"comment_status":"closed","ping_status":"closed","sticky":false,"template":"","format":"standard","meta":{"footnotes":""},"categories":[9],"tags":[],"class_list":["post-2296","post","type-post","status-publish","format-standard","has-post-thumbnail","hentry","category-noticias"],"_links":{"self":[{"href":"https:\/\/ceas.org.pe\/index.php\/wp-json\/wp\/v2\/posts\/2296","targetHints":{"allow":["GET"]}}],"collection":[{"href":"https:\/\/ceas.org.pe\/index.php\/wp-json\/wp\/v2\/posts"}],"about":[{"href":"https:\/\/ceas.org.pe\/index.php\/wp-json\/wp\/v2\/types\/post"}],"author":[{"embeddable":true,"href":"https:\/\/ceas.org.pe\/index.php\/wp-json\/wp\/v2\/users\/1"}],"replies":[{"embeddable":true,"href":"https:\/\/ceas.org.pe\/index.php\/wp-json\/wp\/v2\/comments?post=2296"}],"version-history":[{"count":1,"href":"https:\/\/ceas.org.pe\/index.php\/wp-json\/wp\/v2\/posts\/2296\/revisions"}],"predecessor-version":[{"id":6922,"href":"https:\/\/ceas.org.pe\/index.php\/wp-json\/wp\/v2\/posts\/2296\/revisions\/6922"}],"wp:featuredmedia":[{"embeddable":true,"href":"https:\/\/ceas.org.pe\/index.php\/wp-json\/wp\/v2\/media\/7973"}],"wp:attachment":[{"href":"https:\/\/ceas.org.pe\/index.php\/wp-json\/wp\/v2\/media?parent=2296"}],"wp:term":[{"taxonomy":"category","embeddable":true,"href":"https:\/\/ceas.org.pe\/index.php\/wp-json\/wp\/v2\/categories?post=2296"},{"taxonomy":"post_tag","embeddable":true,"href":"https:\/\/ceas.org.pe\/index.php\/wp-json\/wp\/v2\/tags?post=2296"}],"curies":[{"name":"wp","href":"https:\/\/api.w.org\/{rel}","templated":true}]}}