{"id":2295,"date":"2015-04-21T11:55:40","date_gmt":"2015-04-21T11:55:40","guid":{"rendered":""},"modified":"2026-03-11T09:12:14","modified_gmt":"2026-03-11T14:12:14","slug":"vaticano-el-trofico-humano-sea-crimen-contra-la-humanidad","status":"publish","type":"post","link":"https:\/\/ceas.org.pe\/index.php\/2015\/04\/21\/vaticano-el-trofico-humano-sea-crimen-contra-la-humanidad\/","title":{"rendered":"Vaticano: \u00abEl tr\u00f3fico humano sea crimen contra la humanidad\u00bb"},"content":{"rendered":"<p>(Zenit).- La sesi\u00f3n plenaria de la Pontificia Academia de las Ciencias Sociales, que se realiza desde el 17 hasta la tarde de este 21 de abril en la Casina P\u00edo IV, en el Vaticano, poco antes de concluir ofreci\u00f3 una conferencia de prensa.<\/p>\n<div>\u00a0Uno de los puntos centrales propuestos es que el tr\u00e1fico de personas o tratat sea calificado como crimen contra la humanidad, como les pidi\u00f3 el santo padre Francisco, porque as\u00ed podr\u00e1 superar las trabas o vac\u00edos de las legislaciones nacionales. Adem\u00e1s de la creaci\u00f3n de una agencia internacional que permita medidas concretas para contrarrestar el tr\u00e1fico de seres humanos.<\/div>\n<div>\u00a0<\/div>\n<div>Intervinieron en la sala de prensa de la Santa Sede, la profesora Margaret Archer, presidente de la Pontificia Academia de las Ciencias Sociales; y dos de sus miembros, los profesores Stefano Zamagni y Pierpaolo Donati.<\/div>\n<div>\u00a0<\/div>\n<div>Ha sido una plenaria enriquecida por otras categor\u00edas que se sumaron a los estudiosos, como operadores sociales del mundo de las ONGs, y diplom\u00e1ticos y responsables de las ejecuciones de las pol\u00edticas, (policy markers), indicaron.<\/div>\n<div>\u00a0<\/div>\n<div>Recordaron adem\u00e1s que el \u00faltimo informe de la Organizaci\u00f3n de las Naciones Unidas en Viena, indica que el 70 por ciento de los esclavizados son mujeres y ni\u00f1as, y el 72 por ciento de los traficantes son hombres. Pero m\u00e1s all\u00e1 del problema de g\u00e9nero, la novedad es que el tr\u00e1fico no est\u00e1 destinado solamente a la explotaci\u00f3n sexual, o a la prostituci\u00f3n, sino tambi\u00e9n para que las personas sean iniciadas en el trabajo forzado, en sectores de la econom\u00eda, incluso dom\u00e9stica.<\/div>\n<div>\u00a0<\/div>\n<div>\u201cPorque la novedad tambi\u00e9n es que hay empresas que trabajan con subcontrataci\u00f3n, lo que favorece el fen\u00f3meno. Esto hace necesario adem\u00e1s la responsabilidad social de las empresas\u201d, indic\u00f3 el profesor Zamagni.<\/div>\n<div>\u00a0<\/div>\n<div>Es importante abatir tambi\u00e9n la idea de que \u201cel fen\u00f3meno de la trata es antiguo como la humanidad y por lo tanto normal\u201d, cuando hoy estamos en la \u00e9poca de la globalizaci\u00f3n. Por ello, asever\u00f3 el profesor de la Universidad de Bolonia, \u201ces necesario a abatir esto, y no pensar que se es necesario convivir con el fen\u00f3meno\u201d.<\/div>\n<div>\u00a0<\/div>\n<div>Otro punto es que \u201cen un mundo en el que cuenta la oferta y la demanda, no se puede dejar de tomar en consideraci\u00f3n la demanda\u201d, indic\u00f3. Y por ello un empresario no puede decir que no lo sab\u00eda si un precio de contrataci\u00f3n es demasiado bajo.<\/div>\n<div>\u00a0<\/div>\n<div>Adem\u00e1s, claramente queda en pi\u00e9 la necesidad de la lucha contra la criminalidad organizada, que se sabe usa violencia y corrupci\u00f3n.<\/div>\n<div>\u00a0<\/div>\n<div>Precis\u00f3 que \u201ctambi\u00e9n hay que acabar con la idea de que estos fen\u00f3menos sucedan en \u00e1mbitos malos de la sociedad. No es as\u00ed, aunque no haya coacci\u00f3n directa, porque si se dan opciones sin salida a un inmigrante, \u00e9ste es un modo de reducir la libertad de elecci\u00f3n\u201d. Adem\u00e1s, estas opciones limitadas sirven por ejemplo para justificar a quienes dicen: legalicemos la prostituci\u00f3n.<\/div>\n<div>\u00a0<\/div>\n<div>Otro de los problemas que quedaron claros es en el \u00e1mbito del Derecho internacional, que debe optar entre Sullivan, con sus 7 principios, y m\u00e1s recientemente los planteados por John Rugier, aprobados en noviembre del 2011. Porque no es posible aceptar a ambos.<\/div>\n<div>\u00a0<\/div>\n<div>Se indic\u00f3 tambi\u00e9n que es necesario configurar una autoridad mundial como la Wto, pero en el \u00e1mbito del tr\u00e1fico de personas, para que haga aplicar los protocolos que se han firmado, como el de Palermo con el 90 por ciento de las firmas de la comunidad internacional, pero ratificado por pocas naciones.<\/div>\n<div>\u00a0<\/div>\n<div>O por ejemplo que indique un no compro o se\u00f1ale a quien ve un negocio posible si detr\u00e1s hay fen\u00f3menos de esclavitud.<\/div>\n<div>\u00a0<\/div>\n<div>Y concluy\u00f3 el profesor Zamagni, \u201cdespu\u00e9s est\u00e1 la cuesti\u00f3n jur\u00eddica. El Papa quiere que se defina el tr\u00e1fico como crimen como contra la humanidad. O sea una tipolog\u00eda nueva superior a la ley positiva de los estados\u201d.<\/div>\n<div>\u00a0<\/div>\n<div>El profesor Donati por su parte pidi\u00f3 erradicar prejuicios, como el de confundir al inmigrante que huye de la persona esclavizada. \u201cLos inmigrantes que huyen en los barcos no son esclavos que ir\u00e1n a trabajar en la prostituci\u00f3n, sino mayoritariamente personas que solicitan el estatus de refugiados\u201d. Y precis\u00f3 que en el caso de las personas esclavizadas se recomienda la repatriaci\u00f3n voluntaria, a diferencia de los inmigrantes que pueden ser repatriados sin su consentimiento.<\/div>\n<div>\u00a0<\/div>\n<div>Record\u00f3 tambi\u00e9n que con la criminalizaci\u00f3n de ciertos delitos como la prostituci\u00f3n, se han logrado pocos resultados, y que por ello es prioritario reducir la solicitud. Aqu\u00ed entra un problema de cultura, tambi\u00e9n un problema econ\u00f3mico en el trabajo servil, como en la prostituci\u00f3n.<\/div>\n<div>\u00a0<\/div>\n<div>Por ello, un punto importante para combatir el tr\u00e1fico de \u00f3rganos es animar a la donaci\u00f3n de \u00f3rganos. Promover entre las personas las cartas que autorizan la donaci\u00f3n de sus \u00f3rganos en caso de muerte y explicarlo a los fieles, en los colegios, y en las asociaciones que sensibilizan a la opini\u00f3n p\u00fablica, dirigi\u00e9ndose no solo a los individuos sino tambi\u00e9n a las redes sociales y a la sociedad civil.<\/div>\n<div>\u00a0<\/div>\n<div>(IDV)<\/div>\n<p><a href=\"http:\/\/web.hilo.org.pe\/wp-content\/uploads\/trafico humano.jpg\" target=\"_blank\" rel=\"noopener\">Ver archivo adjunto<\/a><\/p>\n","protected":false},"excerpt":{"rendered":"<p>(Zenit).- La sesi?n plenaria de la Pontificia Academia de las Ciencias Sociales, que se realiza desde el 17 hasta la tarde de este 21 de abril en la Casina P?o IV, en el Vaticano, poco antes de concluir ofreci? una conferencia de prensa.<\/p>\n","protected":false},"author":1,"featured_media":7903,"comment_status":"closed","ping_status":"closed","sticky":false,"template":"","format":"standard","meta":{"footnotes":""},"categories":[9],"tags":[],"class_list":["post-2295","post","type-post","status-publish","format-standard","has-post-thumbnail","hentry","category-noticias"],"_links":{"self":[{"href":"https:\/\/ceas.org.pe\/index.php\/wp-json\/wp\/v2\/posts\/2295","targetHints":{"allow":["GET"]}}],"collection":[{"href":"https:\/\/ceas.org.pe\/index.php\/wp-json\/wp\/v2\/posts"}],"about":[{"href":"https:\/\/ceas.org.pe\/index.php\/wp-json\/wp\/v2\/types\/post"}],"author":[{"embeddable":true,"href":"https:\/\/ceas.org.pe\/index.php\/wp-json\/wp\/v2\/users\/1"}],"replies":[{"embeddable":true,"href":"https:\/\/ceas.org.pe\/index.php\/wp-json\/wp\/v2\/comments?post=2295"}],"version-history":[{"count":1,"href":"https:\/\/ceas.org.pe\/index.php\/wp-json\/wp\/v2\/posts\/2295\/revisions"}],"predecessor-version":[{"id":6923,"href":"https:\/\/ceas.org.pe\/index.php\/wp-json\/wp\/v2\/posts\/2295\/revisions\/6923"}],"wp:featuredmedia":[{"embeddable":true,"href":"https:\/\/ceas.org.pe\/index.php\/wp-json\/wp\/v2\/media\/7903"}],"wp:attachment":[{"href":"https:\/\/ceas.org.pe\/index.php\/wp-json\/wp\/v2\/media?parent=2295"}],"wp:term":[{"taxonomy":"category","embeddable":true,"href":"https:\/\/ceas.org.pe\/index.php\/wp-json\/wp\/v2\/categories?post=2295"},{"taxonomy":"post_tag","embeddable":true,"href":"https:\/\/ceas.org.pe\/index.php\/wp-json\/wp\/v2\/tags?post=2295"}],"curies":[{"name":"wp","href":"https:\/\/api.w.org\/{rel}","templated":true}]}}