{"id":2293,"date":"2015-04-20T10:27:36","date_gmt":"2015-04-20T10:27:36","guid":{"rendered":""},"modified":"2026-03-11T09:12:14","modified_gmt":"2026-03-11T14:12:14","slug":"ondec-realizo-taller-para-instituciones-de-accion-conjunta","status":"publish","type":"post","link":"https:\/\/ceas.org.pe\/index.php\/2015\/04\/20\/ondec-realizo-taller-para-instituciones-de-accion-conjunta\/","title":{"rendered":"ONDEC realiz\u00f3 taller para instituciones de acci\u00f3n conjunta"},"content":{"rendered":"<div>Con la participaci\u00f3n de docentes provenientes de diversas zonas del pa\u00eds, se realiz\u00f3 en Lima, el Curso Taller de Instituciones Educativas de Acci\u00f3n Conjunta.<\/div>\n<div>\u00a0<\/div>\n<div>En este evento participaron directores, profesores y coordinadores de las jurisdicciones eclesi\u00e1sticas de Huacho, Ayacucho, Arequipa, Ayaviri, Moyobamba, Sicuani, Huamachuco, y Ja\u00e9n. As\u00ed tambi\u00e9n, participaron las Religiosas Vicentinas, profesores de los colegios \u201cFe y Alegr\u00eda\u201d, las Religiosas Dominicas de Santa Rosa, entre otros.<\/div>\n<div>\u00a0<\/div>\n<div>El curso taller se desarroll\u00f3 en un ambiente de fraternidad. Durante las charlas, los participantes reflexionaron sobre el rol de la Iglesia en el mundo actual, rumbo y desaf\u00edos que tienen que enfrentar en esta realidad adversa.\u00a0<\/div>\n<div>\u00a0<\/div>\n<div>En otro momento, los participantes tambi\u00e9n recibieron una charla sobre los cambios que se vienen dando en el Dise\u00f1o Curricular y lo que dej\u00f3 el Marco Curricular en su tercera versi\u00f3n.<\/div>\n<div>\u00a0<\/div>\n<div>Por su parte, la Sra. Maruja Torres, Directora de la Oficina Nacional de Educaci\u00f3n Cat\u00f3lica &#8211; ONDEC resolvi\u00f3 las inquietudes de los docentes con respecto a la problem\u00e1tica de cada zona, en cuesti\u00f3n de plazas y convenios. Tambi\u00e9n se dieron los \u00faltimos alcances sobre los cambios en el Dise\u00f1o Curricular que est\u00e1 implementando el Ministerio de Educaci\u00f3n.<\/div>\n<div>\u00a0<\/div>\n<div>(Fuente: CEP)<\/div>\n<p>\u00a0<\/p>\n<p><a href=\"http:\/\/web.hilo.org.pe\/wp-content\/uploads\/accionconjunta.jpg\" target=\"_blank\" rel=\"noopener\">Ver archivo adjunto<\/a><\/p>\n","protected":false},"excerpt":{"rendered":"<p>Con la participaci?n de docentes provenientes de diversas zonas del pa?s, se realiz? en Lima, el Curso Taller de Instituciones Educativas de Acci?n Conjunta.<\/p>\n","protected":false},"author":1,"featured_media":8021,"comment_status":"closed","ping_status":"closed","sticky":false,"template":"","format":"standard","meta":{"footnotes":""},"categories":[9],"tags":[],"class_list":["post-2293","post","type-post","status-publish","format-standard","has-post-thumbnail","hentry","category-noticias"],"_links":{"self":[{"href":"https:\/\/ceas.org.pe\/index.php\/wp-json\/wp\/v2\/posts\/2293","targetHints":{"allow":["GET"]}}],"collection":[{"href":"https:\/\/ceas.org.pe\/index.php\/wp-json\/wp\/v2\/posts"}],"about":[{"href":"https:\/\/ceas.org.pe\/index.php\/wp-json\/wp\/v2\/types\/post"}],"author":[{"embeddable":true,"href":"https:\/\/ceas.org.pe\/index.php\/wp-json\/wp\/v2\/users\/1"}],"replies":[{"embeddable":true,"href":"https:\/\/ceas.org.pe\/index.php\/wp-json\/wp\/v2\/comments?post=2293"}],"version-history":[{"count":1,"href":"https:\/\/ceas.org.pe\/index.php\/wp-json\/wp\/v2\/posts\/2293\/revisions"}],"predecessor-version":[{"id":6925,"href":"https:\/\/ceas.org.pe\/index.php\/wp-json\/wp\/v2\/posts\/2293\/revisions\/6925"}],"wp:featuredmedia":[{"embeddable":true,"href":"https:\/\/ceas.org.pe\/index.php\/wp-json\/wp\/v2\/media\/8021"}],"wp:attachment":[{"href":"https:\/\/ceas.org.pe\/index.php\/wp-json\/wp\/v2\/media?parent=2293"}],"wp:term":[{"taxonomy":"category","embeddable":true,"href":"https:\/\/ceas.org.pe\/index.php\/wp-json\/wp\/v2\/categories?post=2293"},{"taxonomy":"post_tag","embeddable":true,"href":"https:\/\/ceas.org.pe\/index.php\/wp-json\/wp\/v2\/tags?post=2293"}],"curies":[{"name":"wp","href":"https:\/\/api.w.org\/{rel}","templated":true}]}}