{"id":2292,"date":"2015-04-17T11:34:49","date_gmt":"2015-04-17T11:34:49","guid":{"rendered":""},"modified":"2026-03-11T09:12:14","modified_gmt":"2026-03-11T14:12:14","slug":"encuentro-mundial-de-coritas-abordaro-el-cuidado-de-la-creacion","status":"publish","type":"post","link":"https:\/\/ceas.org.pe\/index.php\/2015\/04\/17\/encuentro-mundial-de-coritas-abordaro-el-cuidado-de-la-creacion\/","title":{"rendered":"Encuentro mundial de C\u00f3ritas abordar\u00f3 el cuidado de la creaci\u00f3n"},"content":{"rendered":"<p>\u00a0Los l\u00edderes de diferentes organizaciones cat\u00f3licas del mundo estar\u00e1n en Roma del 12 al 17 de mayo para la XX Asamblea General de Caritas Internationalis, la cual tiene por t\u00edtulo \u201cUna sola familia humana, Cuidado de la Creaci\u00f3n\u201d. Esta dar\u00e1 comienzo la tarde del martes 12 de mayo con una Eucarist\u00eda celebrada por el Papa Francisco en la Bas\u00edlica de San Pedro.<\/p>\n<div>\u00a0<\/div>\n<div>Los delegados elegir\u00e1n a sus dirigentes y aprobar\u00e1n orientaciones para la confederaci\u00f3n de 164 organizaciones nacionales de ayuda humanitaria para 2015-2019. La atenci\u00f3n se centrar\u00e1 en el aumento de las desigualdades as\u00ed como en las consecuencias del cambio clim\u00e1tico en el periodo previo a una hist\u00f3rica enc\u00edclica papal sobre ecolog\u00eda y a una reuni\u00f3n crucial de Naciones Unidas en Par\u00eds.<\/div>\n<div>\u00a0<\/div>\n<div>El Cardenal \u00d3scar Andr\u00e9s Rodr\u00edguez Maradiaga presidir\u00e1 el evento, quien deja el cargo de Presidente de Caritas Internationalis tras 8 a\u00f1os de servicio.<\/div>\n<div>\u00a0<\/div>\n<div>El Cardenal Rodr\u00edguez ha manifestado: \u201cLa Asamblea General de Caritas Internationalis es un momento \u00fanico en la vida de la confederaci\u00f3n y de la Iglesia Cat\u00f3lica al reunir una gran cantidad de diferentes culturas y experiencias. Celebramos nuestra fe y nuestra misi\u00f3n pero tambi\u00e9n discutimos sobre qu\u00e9 podemos hacer para mitigar de forma m\u00e1s efectiva el sufrimiento de los pobres\u201d.<\/div>\n<div>\u00a0<\/div>\n<div>\u201cA lo largo de la \u00faltima d\u00e9cada, millones de personas han recibido las herramientas necesarias para poder mejorar sus vidas mediante el acceso a la educaci\u00f3n, la sanidad, la alimentaci\u00f3n y el empleo. Hay una generaci\u00f3n de personas, tanto j\u00f3venes como mayores, que desean trabajar juntas para construir un mundo mejor\u201d.<\/div>\n<div>\u00a0<\/div>\n<div>\u201cNuestros trabajadores de C\u00e1ritas est\u00e1n en el frente contra la pobreza. Reuni\u00e9ndose en Roma se enfrentan a nuevos desaf\u00edos como son el aumento de las desigualdades, el cambio clim\u00e1tico, la inseguridad alimentaria, la escasez de agua, la urbanizaci\u00f3n, el conflicto por los recursos y la propagaci\u00f3n del extremismo\u201d.<\/div>\n<div>\u00a0<\/div>\n<div>\u201cEn 2005, 40 millones de personas en situaciones de emergencia necesitaron asistencia. En 2015, dicho n\u00famero ha ascendido a 79 millones de personas. Cada 10 segundos muere un ni\u00f1o a causa de enfermedades relacionada con el hambre. Para 2015, 2,7 billones de personas podr\u00edan tener que enfrentarse a graves situaciones de escasez de agua. Para 2050, el calentamiento global podr\u00eda dejar sin techo a 200 millones.<\/div>\n<div>\u00a0<\/div>\n<div>\u201cLa Iglesia cat\u00f3lica juega un papel vital a trav\u00e9s de organizaciones como C\u00e1ritas en lo referente a la distribuci\u00f3n de ayuda humanitaria, la promoci\u00f3n del desarrollo humano integral y la reivindicaci\u00f3n de una mayor justicia social. \u201cUna sola familia humana, Cuidado de la Creaci\u00f3n\u201d es un mensaje de esperanza: trabajando juntos podemos proteger a las personas y el planeta de la pobreza de la exclusi\u00f3n y de los excesos del consumismo\u201d.<\/div>\n<div>\u00a0<\/div>\n<div>El Cardenal Rodr\u00edguez Maradiaga inaugurar\u00e1 la Asamblea General el 13 de mayo en el Domus Mariae Hotel Palazzo Carpegna. Las elecciones de los dirigentes tendr\u00e1n lugar el 14 de mayo.<\/div>\n<div>\u00a0<\/div>\n<div>Algunos de los oradores invitados ser\u00e1n el te\u00f3logo Padre Gustavo Guti\u00e9rrez, el economista Profesor Jeffrey Sachs y Beverly Haddad de la Universidad de Kwazulu-Natal.<\/div>\n<div>\u00a0<\/div>\n<div>Entre los delegados habr\u00e1 50 invitados m\u00e1s que representar\u00e1n a j\u00f3venes, voluntarios, comunidades de base y activistas contra el hambre.<\/div>\n<div>\u00a0<\/div>\n<div>Tras la Asamblea General, los delegados de C\u00e1ritas viajar\u00e1n a Mil\u00e1n para hacer un Caritas Day el 19 de mayo en la EXPO de Mil\u00e1n 2015. El evento es parte de la campa\u00f1a \u201cUna sola familia humana, alimentos para todos\u201d, cuyo prop\u00f3sito es acabar con el hambre para 2025.<\/div>\n<div>\u00a0<\/div>\n<div>Para m\u00e1s informaci\u00f3n, por favor, p\u00f3nganse en contacto Michelle Hough en a hough@caritas.va o llame al +39 06 6987 9752 \u00f3 +39 334 2344 136.<\/div>\n<div>\u00a0<\/div>\n<div>Fuente: C\u00e1ritas Internacional<\/div>\n<p><a href=\"http:\/\/web.hilo.org.pe\/wp-content\/uploads\/caritascreacion.jpg\" target=\"_blank\" rel=\"noopener\">Ver archivo adjunto<\/a><\/p>\n","protected":false},"excerpt":{"rendered":"<p>Los l?deres de diferentes organizaciones cat?licas del mundo estar?n en Roma del 12 al 17 de mayo para la XX Asamblea General de Caritas Internationalis, la cual tiene por t?tulo ?Una sola familia humana, Cuidado de la Creaci?n?. Esta dar? comienzo la tarde del martes 12 de mayo con una Eucarist?a celebrada por el Papa Francisco en la Bas?lica de San Pedro.<\/p>\n","protected":false},"author":1,"featured_media":7862,"comment_status":"closed","ping_status":"closed","sticky":false,"template":"","format":"standard","meta":{"footnotes":""},"categories":[9],"tags":[],"class_list":["post-2292","post","type-post","status-publish","format-standard","has-post-thumbnail","hentry","category-noticias"],"_links":{"self":[{"href":"https:\/\/ceas.org.pe\/index.php\/wp-json\/wp\/v2\/posts\/2292","targetHints":{"allow":["GET"]}}],"collection":[{"href":"https:\/\/ceas.org.pe\/index.php\/wp-json\/wp\/v2\/posts"}],"about":[{"href":"https:\/\/ceas.org.pe\/index.php\/wp-json\/wp\/v2\/types\/post"}],"author":[{"embeddable":true,"href":"https:\/\/ceas.org.pe\/index.php\/wp-json\/wp\/v2\/users\/1"}],"replies":[{"embeddable":true,"href":"https:\/\/ceas.org.pe\/index.php\/wp-json\/wp\/v2\/comments?post=2292"}],"version-history":[{"count":1,"href":"https:\/\/ceas.org.pe\/index.php\/wp-json\/wp\/v2\/posts\/2292\/revisions"}],"predecessor-version":[{"id":6926,"href":"https:\/\/ceas.org.pe\/index.php\/wp-json\/wp\/v2\/posts\/2292\/revisions\/6926"}],"wp:featuredmedia":[{"embeddable":true,"href":"https:\/\/ceas.org.pe\/index.php\/wp-json\/wp\/v2\/media\/7862"}],"wp:attachment":[{"href":"https:\/\/ceas.org.pe\/index.php\/wp-json\/wp\/v2\/media?parent=2292"}],"wp:term":[{"taxonomy":"category","embeddable":true,"href":"https:\/\/ceas.org.pe\/index.php\/wp-json\/wp\/v2\/categories?post=2292"},{"taxonomy":"post_tag","embeddable":true,"href":"https:\/\/ceas.org.pe\/index.php\/wp-json\/wp\/v2\/tags?post=2292"}],"curies":[{"name":"wp","href":"https:\/\/api.w.org\/{rel}","templated":true}]}}