{"id":2282,"date":"2015-04-13T10:45:14","date_gmt":"2015-04-13T10:45:14","guid":{"rendered":""},"modified":"2026-03-11T09:12:14","modified_gmt":"2026-03-11T14:12:14","slug":"se-inicia-curso-para-colegios-de-accion-conjunta-en-el-paos","status":"publish","type":"post","link":"https:\/\/ceas.org.pe\/index.php\/2015\/04\/13\/se-inicia-curso-para-colegios-de-accion-conjunta-en-el-paos\/","title":{"rendered":"Se inicia curso para colegios de acci\u00f3n conjunta en el pa\u00f3s"},"content":{"rendered":"<div>Del 13 al 17 de abril, la Oficina Nacional de Educaci\u00f3n Cat\u00f3lica &#8211; ONDEC, llevar\u00e1 a cabo el Primer Curso Taller para Instituciones Educativas de Acci\u00f3n Conjunta, que tendr\u00e1 como tema: \u201cGesti\u00f3n de plazas y la Educaci\u00f3n Religiosa Escolar\u201d, y que les permitir\u00e1 poder llevar adelante su labor educativa.\u00a0<\/div>\n<div>\u00a0<\/div>\n<div>El evento se llevar\u00e1 a cabo en la sede de la Conferencia Episcopal Peruana, desde las 8:00 de la ma\u00f1ana hasta las 5:00 de la tarde. Se espera contar con la participaci\u00f3n de muchos docentes pertenecientes a las instituciones de acci\u00f3n conjunta.<\/div>\n<div>\u00a0<\/div>\n<div>Para m\u00e1s informaci\u00f3n, pueden dirigirse a la Oficina Nacional de Educaci\u00f3n Cat\u00f3lica, sito en Jir\u00f3n Estados Unidos 838 \u2013 Jes\u00fas Mar\u00eda. Tel\u00e9fono: 463-4903.<\/div>\n<p><a href=\"http:\/\/web.hilo.org.pe\/wp-content\/uploads\/LOGO ODEC TRUJILLO.png\" target=\"_blank\" rel=\"noopener\">Ver archivo adjunto<\/a><\/p>\n","protected":false},"excerpt":{"rendered":"<p>Del 13 al 17 de abril, la Oficina Nacional de Educaci?n Cat?lica &#8211; ONDEC, llevar? a cabo el Primer Curso Taller para Instituciones Educativas de Acci?n Conjunta, que tendr? como tema: ?Gesti?n de plazas y la Educaci?n Religiosa Escolar?, y que les permitir? poder llevar adelante su labor educativa.<\/p>\n","protected":false},"author":1,"featured_media":8011,"comment_status":"closed","ping_status":"closed","sticky":false,"template":"","format":"standard","meta":{"footnotes":""},"categories":[9],"tags":[],"class_list":["post-2282","post","type-post","status-publish","format-standard","has-post-thumbnail","hentry","category-noticias"],"_links":{"self":[{"href":"https:\/\/ceas.org.pe\/index.php\/wp-json\/wp\/v2\/posts\/2282","targetHints":{"allow":["GET"]}}],"collection":[{"href":"https:\/\/ceas.org.pe\/index.php\/wp-json\/wp\/v2\/posts"}],"about":[{"href":"https:\/\/ceas.org.pe\/index.php\/wp-json\/wp\/v2\/types\/post"}],"author":[{"embeddable":true,"href":"https:\/\/ceas.org.pe\/index.php\/wp-json\/wp\/v2\/users\/1"}],"replies":[{"embeddable":true,"href":"https:\/\/ceas.org.pe\/index.php\/wp-json\/wp\/v2\/comments?post=2282"}],"version-history":[{"count":1,"href":"https:\/\/ceas.org.pe\/index.php\/wp-json\/wp\/v2\/posts\/2282\/revisions"}],"predecessor-version":[{"id":6936,"href":"https:\/\/ceas.org.pe\/index.php\/wp-json\/wp\/v2\/posts\/2282\/revisions\/6936"}],"wp:featuredmedia":[{"embeddable":true,"href":"https:\/\/ceas.org.pe\/index.php\/wp-json\/wp\/v2\/media\/8011"}],"wp:attachment":[{"href":"https:\/\/ceas.org.pe\/index.php\/wp-json\/wp\/v2\/media?parent=2282"}],"wp:term":[{"taxonomy":"category","embeddable":true,"href":"https:\/\/ceas.org.pe\/index.php\/wp-json\/wp\/v2\/categories?post=2282"},{"taxonomy":"post_tag","embeddable":true,"href":"https:\/\/ceas.org.pe\/index.php\/wp-json\/wp\/v2\/tags?post=2282"}],"curies":[{"name":"wp","href":"https:\/\/api.w.org\/{rel}","templated":true}]}}