{"id":2279,"date":"2015-04-09T13:44:37","date_gmt":"2015-04-09T13:44:37","guid":{"rendered":""},"modified":"2026-03-11T09:12:14","modified_gmt":"2026-03-11T14:12:14","slug":"mensaje-del-xviii-encuentro-latinoamericano-de-pastoral-juvenil","status":"publish","type":"post","link":"https:\/\/ceas.org.pe\/index.php\/2015\/04\/09\/mensaje-del-xviii-encuentro-latinoamericano-de-pastoral-juvenil\/","title":{"rendered":"Mensaje del XVIII Encuentro Latinoamericano de Pastoral Juvenil"},"content":{"rendered":"<p>\u00a0Reunidos en Curazao, recordamos nuestros pasos, tras las huellas del maestro en estos 40 a\u00f1os de la Pastoral Juvenil Latinoamericana, Revitalizamos nuestra vida a la luz del amor. En estos d\u00edas de encuentro, nos hemos dejado fascinar, al recordar que los senderos hacia el Horizonte ya tienen historia. Que Dios es el Horizonte del joven, que su Hijo es el Camino y que el Esp\u00edritu Santo es la Fuerza que nos anima al caminar.<\/p>\n<div>\u00a0<\/div>\n<div>Reconocimos y denunciamos las situaciones y problem\u00e1ticas que le duelen a los j\u00f3venes de nuestro continente como la violencia, la exclusi\u00f3n y la migraci\u00f3n. \u00a0 Los aciertos y desaciertos de nuestra acci\u00f3n pastoral, y a partir de esto, discernimos las acciones que nos impulsar\u00e1n, para seguir construyendo la Civilizaci\u00f3n del Amor.<\/div>\n<div>\u00a0<\/div>\n<div>Revitalizamos y valoramos la realidad cambiante y din\u00e1mica de la Pastoral Juvenil Latinoamericana. Reconocimos quienes somos. Somos el rostro joven de Cristo, su alma y coraz\u00f3n. Somos la juventud de San Juan Pablo II, de Benedicto XVI, de Francisco, y su pastoral de la periferia. Somos la juventud de Monse\u00f1or Romero, Monse\u00f1or Gerardi, Monse\u00f1or Leonidas Proa\u00f1o, de San Alberto Hurtado, Cardenal Eduardo Pironio, santa Teresa de los Andes, el Beato Carlos Manuel Rodr\u00edguez, y de tantos santos, beatos y m\u00e1rtires m\u00e1s. Somos hermanos de todo el continente, e incluso m\u00e1s all\u00e1 de nuestros mares, presentes como emigrantes en otros pa\u00edses. Somos 22 naciones, y muchas realidades, que laten en un solo coraz\u00f3n, a la luz de Cristo.<\/div>\n<div>\u00a0<\/div>\n<div>En el deseo de continuar construyendo la cultura de paz, el Papa Francisco nos desafi\u00f3 dici\u00e9ndonos que hagamos l\u00edo (l\u00edo del bueno) y nosotros queremos responderle \u00a0saliendo a las calles a gritar nuestra fe, a proclamar la pedagog\u00eda de la misericordia, la esperanza y la alegr\u00eda. \u00a0Vamos a \u00abprimerear\u00bb en el amor, \u00a0as\u00ed como \u00a0nos lo ense\u00f1\u00f3 Jes\u00fas.<\/div>\n<div>\u00a0<\/div>\n<div>Joven, \u00a1ama primero! Y d\u00e9jate amar. Queremos ser transformadores de la realidad a la luz de la Buena Nueva que es Cristo, presente en nuestra vida, para convertir con nuestro testimonio los corazones y mentes del mundo entero. Caminemos juntos, j\u00f3venes latinoamericanos y caribe\u00f1os, hacia la Civilizaci\u00f3n del Amor con una esperanza fiel y una valent\u00eda alegre.<\/div>\n<div>\u00a0<\/div>\n<div>Agradecemos a la linda gente de Curazao que nos ha acogido en estos d\u00edas de Encuentro, y tambi\u00e9n agradecemos a todas aquellas personas que han forjado el caminar de la Pastoral Juvenil de nuestro continente. \u00a0Encomendamos a Mar\u00eda, madre de Jes\u00fas y madre nuestra, porque es Ella, la que sabe transformar, una cueva de animales en la casa de Jes\u00fas, con unos pobres pa\u00f1ales y una monta\u00f1a de ternura. (E.G. 286)<\/div>\n<div>Dado en la ciudad de Willemstad, Curazao a los veinte d\u00edas del mes de marzo del dos mil quince, A\u00f1o de la Vida Consagrada.<\/div>\n<div>\u00a0<\/div>\n<div>Fuente: celam.org<\/div>\n<p><a href=\"http:\/\/web.hilo.org.pe\/wp-content\/uploads\/pastoral.jpg\" target=\"_blank\" rel=\"noopener\">Ver archivo adjunto<\/a><\/p>\n","protected":false},"excerpt":{"rendered":"<p>Reunidos en Curazao, recordamos nuestros pasos, tras las huellas del maestro en estos 40 a?os de la Pastoral Juvenil Latinoamericana, Revitalizamos nuestra vida a la luz del amor. En estos d?as de encuentro, nos hemos dejado fascinar, al recordar que los senderos hacia el Horizonte ya tienen historia. Que Dios es el Horizonte del joven, que su Hijo es el Camino y que el Esp?ritu Santo es la Fuerza que nos anima al caminar.<\/p>\n","protected":false},"author":1,"featured_media":7973,"comment_status":"closed","ping_status":"closed","sticky":false,"template":"","format":"standard","meta":{"footnotes":""},"categories":[9],"tags":[],"class_list":["post-2279","post","type-post","status-publish","format-standard","has-post-thumbnail","hentry","category-noticias"],"_links":{"self":[{"href":"https:\/\/ceas.org.pe\/index.php\/wp-json\/wp\/v2\/posts\/2279","targetHints":{"allow":["GET"]}}],"collection":[{"href":"https:\/\/ceas.org.pe\/index.php\/wp-json\/wp\/v2\/posts"}],"about":[{"href":"https:\/\/ceas.org.pe\/index.php\/wp-json\/wp\/v2\/types\/post"}],"author":[{"embeddable":true,"href":"https:\/\/ceas.org.pe\/index.php\/wp-json\/wp\/v2\/users\/1"}],"replies":[{"embeddable":true,"href":"https:\/\/ceas.org.pe\/index.php\/wp-json\/wp\/v2\/comments?post=2279"}],"version-history":[{"count":1,"href":"https:\/\/ceas.org.pe\/index.php\/wp-json\/wp\/v2\/posts\/2279\/revisions"}],"predecessor-version":[{"id":6939,"href":"https:\/\/ceas.org.pe\/index.php\/wp-json\/wp\/v2\/posts\/2279\/revisions\/6939"}],"wp:featuredmedia":[{"embeddable":true,"href":"https:\/\/ceas.org.pe\/index.php\/wp-json\/wp\/v2\/media\/7973"}],"wp:attachment":[{"href":"https:\/\/ceas.org.pe\/index.php\/wp-json\/wp\/v2\/media?parent=2279"}],"wp:term":[{"taxonomy":"category","embeddable":true,"href":"https:\/\/ceas.org.pe\/index.php\/wp-json\/wp\/v2\/categories?post=2279"},{"taxonomy":"post_tag","embeddable":true,"href":"https:\/\/ceas.org.pe\/index.php\/wp-json\/wp\/v2\/tags?post=2279"}],"curies":[{"name":"wp","href":"https:\/\/api.w.org\/{rel}","templated":true}]}}