{"id":2277,"date":"2015-04-08T11:41:58","date_gmt":"2015-04-08T11:41:58","guid":{"rendered":""},"modified":"2026-03-11T09:12:14","modified_gmt":"2026-03-11T14:12:14","slug":"informe-anual-de-caritas-internationalis-2014","status":"publish","type":"post","link":"https:\/\/ceas.org.pe\/index.php\/2015\/04\/08\/informe-anual-de-caritas-internationalis-2014\/","title":{"rendered":"Informe anual de Caritas Internationalis 2014"},"content":{"rendered":"<p>\u00abHemos dado inicio a la cultura del descarte&#8230; Los excluidos no son explotados sino desechos, sobrantes&#8230; nadie debe quedar excluido del amor de Dios y de nuestro cuidado\u00bb.<\/p>\n<div>\u00a0<\/div>\n<div>En su primera Exhortaci\u00f3n Apost\u00f3lica, Evangelli Gaudium, el Papa Francisco escribi\u00f3 sobre las divisiones en nuestro mundo. Tristemente, en 2014 estas divisiones han aumentado. Caritas le har\u00e1 frente al reto, perseverando en la lucha contra la injusticia social mediante sus esfuerzos humanitarios, de desarrollo humano integral y sus campa\u00f1as.<\/div>\n<div>\u00a0<\/div>\n<div>La cultura del \u00abdescrate\u00bb sobre la que escribi\u00f3 el Papa Francisco es un problema tanto a nivel local como a nivel mundial. El extremismo que abruma al Oriente Medio es una crisis local para quienes viven en su vor\u00e1gine. No obstante, es una crisis mundial: tiene un profundo impacto en todos nosotros, en nuestros pa\u00edses y en nuestros corazones. Lo mismo ocurre con las penurias de los migrantes alrededor del mundo, la epidemia de \u00e9bola en \u00c1frica occidental y el hambre mundial que afecta a familias en pa\u00edses ricos y en pa\u00edses pobres.<\/div>\n<div>\u00a0<\/div>\n<div>Este l\u00fagubre panorama nos podr\u00eda llevar a la desesperaci\u00f3n. M\u00e1s no nos podemos permitir ese lujo. Po consiguiente, las organizaciones Caritas siguieron adelante con su trabajo, el cual realizan en nombre de la Iglesia.<\/div>\n<div>\u00a0<\/div>\n<div>Y en la oscuridad vimos rayos de esperanza. Vimos el amor de Dios por toda la humanidad en el recibimiento que se le dio a los millones de refugiados de Siria. Encontramos valor en las acciones de quienes fueron a ayudar a las comunidades afectadas por el \u00e9bola. Y vimos solidaridad en quienes apoyaron a Caritas, tanto en los pa\u00edses m\u00e1s ricos como en los pa\u00edses pobres, en nuestra campa\u00f1a \u00abUna familia humana, alimentos para todos\u00bb; cuyo objetivo es acabar con el hambre para 2025.<\/div>\n<div>\u00a0<\/div>\n<div>Em\u00aa Oscar Cardinal Rodr\u00edguez Maradiaga, Presidente<\/div>\n<div>\u00a0<\/div>\n<div>Michel Roy, Secretario General<\/div>\n<div>\u00a0<\/div>\n<div><a href=\"http:\/\/www.caritaslatinoamerica.org\/archivos\/ci\/AnnualReport14ES.pdf\" target=\"_blank\">DESCARGA VERSION EN ESPA\u00d1OL<\/a><\/div>\n<p><a href=\"http:\/\/web.hilo.org.pe\/wp-content\/uploads\/informeanual.jpg\" target=\"_blank\" rel=\"noopener\">Ver archivo adjunto<\/a><\/p>\n","protected":false},"excerpt":{"rendered":"<p>\u00abHemos dado inicio a la cultura del descarte&#8230; Los excluidos no son explotados sino desechos, sobrantes&#8230; nadie debe quedar excluido del amor de Dios y de nuestro cuidado\u00bb.<\/p>\n","protected":false},"author":1,"featured_media":7878,"comment_status":"closed","ping_status":"closed","sticky":false,"template":"","format":"standard","meta":{"footnotes":""},"categories":[9],"tags":[],"class_list":["post-2277","post","type-post","status-publish","format-standard","has-post-thumbnail","hentry","category-noticias"],"_links":{"self":[{"href":"https:\/\/ceas.org.pe\/index.php\/wp-json\/wp\/v2\/posts\/2277","targetHints":{"allow":["GET"]}}],"collection":[{"href":"https:\/\/ceas.org.pe\/index.php\/wp-json\/wp\/v2\/posts"}],"about":[{"href":"https:\/\/ceas.org.pe\/index.php\/wp-json\/wp\/v2\/types\/post"}],"author":[{"embeddable":true,"href":"https:\/\/ceas.org.pe\/index.php\/wp-json\/wp\/v2\/users\/1"}],"replies":[{"embeddable":true,"href":"https:\/\/ceas.org.pe\/index.php\/wp-json\/wp\/v2\/comments?post=2277"}],"version-history":[{"count":1,"href":"https:\/\/ceas.org.pe\/index.php\/wp-json\/wp\/v2\/posts\/2277\/revisions"}],"predecessor-version":[{"id":6941,"href":"https:\/\/ceas.org.pe\/index.php\/wp-json\/wp\/v2\/posts\/2277\/revisions\/6941"}],"wp:featuredmedia":[{"embeddable":true,"href":"https:\/\/ceas.org.pe\/index.php\/wp-json\/wp\/v2\/media\/7878"}],"wp:attachment":[{"href":"https:\/\/ceas.org.pe\/index.php\/wp-json\/wp\/v2\/media?parent=2277"}],"wp:term":[{"taxonomy":"category","embeddable":true,"href":"https:\/\/ceas.org.pe\/index.php\/wp-json\/wp\/v2\/categories?post=2277"},{"taxonomy":"post_tag","embeddable":true,"href":"https:\/\/ceas.org.pe\/index.php\/wp-json\/wp\/v2\/tags?post=2277"}],"curies":[{"name":"wp","href":"https:\/\/api.w.org\/{rel}","templated":true}]}}