{"id":2275,"date":"2015-04-06T16:24:07","date_gmt":"2015-04-06T16:24:07","guid":{"rendered":""},"modified":"2026-03-11T09:12:14","modified_gmt":"2026-03-11T14:12:14","slug":"comunicado-del-arzobispo-de-trujillo-sobre-derecho-a-la-intimidad","status":"publish","type":"post","link":"https:\/\/ceas.org.pe\/index.php\/2015\/04\/06\/comunicado-del-arzobispo-de-trujillo-sobre-derecho-a-la-intimidad\/","title":{"rendered":"Comunicado del Arzobispo de Trujillo sobre derecho a la intimidad"},"content":{"rendered":"<div>Frente a los \u00faltimos acontecimientos referidos a la vulneraci\u00f3n del derecho a la privacidad que afectan los espacios reservados a la esfera personal, considero necesario manifestar lo siguiente:<\/div>\n<div>\u00a0<\/div>\n<div>\u00a0<\/div>\n<div>1. El Derecho Natural a la privacidad se fundamenta en la dignidad de la persona humana, que es anterior a cualquier ley positiva porque deriva de la misma naturaleza humana. Este derecho busca proteger espacios propios e inherentes a la intimidad personal y familiar; por este motivo, cualquier forma de invasi\u00f3n a la esfera personal a trav\u00e9s de la vigilancia ileg\u00edtima y acopio indiscriminado de la informaci\u00f3n, constituye una grave amenaza a los Derechos Humanos.<\/div>\n<div>\u00a0<\/div>\n<div>2. A nadie le es l\u00edcito lesionar el derecho de cada persona a su propia intimidad. El Estado en cumplimiento del orden constitucional, tiene la obligaci\u00f3n de garantizar su protecci\u00f3n. Este derecho est\u00e1 recogido adem\u00e1s, en la Declaraci\u00f3n Universal de Derechos Humanos, el Pacto Internacional de Derechos Civiles y Pol\u00edticos, la Convenci\u00f3n Americana de Derechos Humanos y otros instrumentos del Derecho Internacional.<\/div>\n<div>\u00a0<\/div>\n<div>3. Es tarea fundamental del Estado mantener un equilibrio adecuado entre el derecho a la privacidad y la seguridad nacional para garantizar el Estado de Derecho y el Bien Com\u00fan. La historia nos recuerda que cuando se pierde este equilibrio, malversando recursos del Estado al servicio de intereses particulares, se generan mecanismos que lesionan gravemente a las personas y al pa\u00eds.<\/div>\n<div>\u00a0<\/div>\n<div>4. Recordemos que el HONOR ES EL TESTIMONIO SOCIAL DADO A LA DIGNIDAD HUMANA; por eso, cada uno de nosotros posee un derecho natural a la buena reputaci\u00f3n y al respeto de la misma. Deber\u00e1, por tanto, evitarse toda injerencia arbitraria que atente contra la vida privada de las personas, causando inseguridad, inestabilidad y zozobra en la poblaci\u00f3n.<\/div>\n<div>\u00a0<\/div>\n<div>5. Desde mi condici\u00f3n de Pastor de la Arquidi\u00f3cesis de Trujillo y como ciudadano peruano, invoco a que todos respetemos el derecho a la privacidad como pilar fundamental de nuestra sociedad, porque vulnerarlo da\u00f1a gravemente la convivencia y el respeto que toda persona merece.<\/div>\n<div>\u00a0<\/div>\n<div>Trujillo, 27 de Marzo del 2015.<\/div>\n<div>\u00a0<\/div>\n<div>+ MIGUEL CABREJOS VIDARTE, O.F.M.<\/div>\n<div>\u00a0<\/div>\n<div>Arzobispo Metropolitano de Trujillo<\/div>\n<p><a href=\"http:\/\/web.hilo.org.pe\/wp-content\/uploads\/comunicado.jpg\" target=\"_blank\" rel=\"noopener\">Ver archivo adjunto<\/a><\/p>\n","protected":false},"excerpt":{"rendered":"<p>Frente a los ?ltimos acontecimientos referidos a la vulneraci?n del derecho a la privacidad que afectan los espacios reservados a la esfera personal, considero necesario manifestar lo siguiente:<\/p>\n","protected":false},"author":1,"featured_media":7884,"comment_status":"closed","ping_status":"closed","sticky":false,"template":"","format":"standard","meta":{"footnotes":""},"categories":[9],"tags":[],"class_list":["post-2275","post","type-post","status-publish","format-standard","has-post-thumbnail","hentry","category-noticias"],"_links":{"self":[{"href":"https:\/\/ceas.org.pe\/index.php\/wp-json\/wp\/v2\/posts\/2275","targetHints":{"allow":["GET"]}}],"collection":[{"href":"https:\/\/ceas.org.pe\/index.php\/wp-json\/wp\/v2\/posts"}],"about":[{"href":"https:\/\/ceas.org.pe\/index.php\/wp-json\/wp\/v2\/types\/post"}],"author":[{"embeddable":true,"href":"https:\/\/ceas.org.pe\/index.php\/wp-json\/wp\/v2\/users\/1"}],"replies":[{"embeddable":true,"href":"https:\/\/ceas.org.pe\/index.php\/wp-json\/wp\/v2\/comments?post=2275"}],"version-history":[{"count":1,"href":"https:\/\/ceas.org.pe\/index.php\/wp-json\/wp\/v2\/posts\/2275\/revisions"}],"predecessor-version":[{"id":6947,"href":"https:\/\/ceas.org.pe\/index.php\/wp-json\/wp\/v2\/posts\/2275\/revisions\/6947"}],"wp:featuredmedia":[{"embeddable":true,"href":"https:\/\/ceas.org.pe\/index.php\/wp-json\/wp\/v2\/media\/7884"}],"wp:attachment":[{"href":"https:\/\/ceas.org.pe\/index.php\/wp-json\/wp\/v2\/media?parent=2275"}],"wp:term":[{"taxonomy":"category","embeddable":true,"href":"https:\/\/ceas.org.pe\/index.php\/wp-json\/wp\/v2\/categories?post=2275"},{"taxonomy":"post_tag","embeddable":true,"href":"https:\/\/ceas.org.pe\/index.php\/wp-json\/wp\/v2\/tags?post=2275"}],"curies":[{"name":"wp","href":"https:\/\/api.w.org\/{rel}","templated":true}]}}