{"id":2272,"date":"2015-04-07T10:59:02","date_gmt":"2015-04-07T10:59:02","guid":{"rendered":""},"modified":"2026-03-11T09:12:14","modified_gmt":"2026-03-11T14:12:14","slug":"no-permanecer-mudos-ante-los-cromenes-pide-el-papa-francisco","status":"publish","type":"post","link":"https:\/\/ceas.org.pe\/index.php\/2015\/04\/07\/no-permanecer-mudos-ante-los-cromenes-pide-el-papa-francisco\/","title":{"rendered":"No permanecer mudos ante los cr\u00f3menes, pide el Papa Francisco"},"content":{"rendered":"<p>\u00a0El papa Francisco pidi\u00f3 hoy al mundo no permanecer mudo y pasivo ante los cr\u00edmenes que se comenten contra los cristianos en diversas partes del planeta, lo que consider\u00f3 una violaci\u00f3n de los derechos humanos.<\/p>\n<div>\u00a0<\/div>\n<div>Ante miles de personas congregadas en la plaza San Pedro, del Vaticano, el Sumo Pont\u00edfice record\u00f3 a los tantos perseguidos, exiliados, asesinados, decapitados, por el solo hecho de ser cristianos.<\/div>\n<div>\u00a0<\/div>\n<div>Asever\u00f3 que ellos son los m\u00e1rtires de hoy y son muchos, incluso m\u00e1s numerosos que en los primeros siglos.<\/div>\n<div>\u00a0<\/div>\n<div>\u00abPido que la comunidad internacional no permanezca muda e inerte frente a tales inaceptables cr\u00edmenes, que constituyen una preocupante violaci\u00f3n de los derechos humanos fundamentales\u00bb, sostuvo.<\/div>\n<div>\u00a0<\/div>\n<div>El Papa Francisco ha hecho \u00e9nfasis en los \u00faltimos d\u00edas en el tema, principalmente tras la matanza ocurrida en una universidad de Kenya en la cual murieron 150 personas.<\/div>\n<div>\u00a0<\/div>\n<div>All\u00ed los atacantes separaron a los musulmanes de los no musulmanes, a los primeros los dejaron libres y a los segundos los ejecutaron.<\/div>\n<div>\u00a0<\/div>\n<div>Hace pocos d\u00edas, Francisco asever\u00f3 que ciertamente los cristianos no son los \u00fanicos que sufren la violencia, \u00abpero no se puede ignorar que en muchos pa\u00edses ellos son las v\u00edctimas designadas y m\u00e1s frecuentes\u00bb.<\/div>\n<div>\u00a0<\/div>\n<div>Fuente:\u00a0celam.org<\/div>\n<p><a href=\"http:\/\/web.hilo.org.pe\/wp-content\/uploads\/papacomunidad.jpg\" target=\"_blank\" rel=\"noopener\">Ver archivo adjunto<\/a><\/p>\n","protected":false},"excerpt":{"rendered":"<p>El papa Francisco pidi? hoy al mundo no permanecer mudo y pasivo ante los cr?menes que se comenten contra los cristianos en diversas partes del planeta, lo que consider? una violaci?n de los derechos humanos.<\/p>\n","protected":false},"author":1,"featured_media":7855,"comment_status":"closed","ping_status":"closed","sticky":false,"template":"","format":"standard","meta":{"footnotes":""},"categories":[9],"tags":[],"class_list":["post-2272","post","type-post","status-publish","format-standard","has-post-thumbnail","hentry","category-noticias"],"_links":{"self":[{"href":"https:\/\/ceas.org.pe\/index.php\/wp-json\/wp\/v2\/posts\/2272","targetHints":{"allow":["GET"]}}],"collection":[{"href":"https:\/\/ceas.org.pe\/index.php\/wp-json\/wp\/v2\/posts"}],"about":[{"href":"https:\/\/ceas.org.pe\/index.php\/wp-json\/wp\/v2\/types\/post"}],"author":[{"embeddable":true,"href":"https:\/\/ceas.org.pe\/index.php\/wp-json\/wp\/v2\/users\/1"}],"replies":[{"embeddable":true,"href":"https:\/\/ceas.org.pe\/index.php\/wp-json\/wp\/v2\/comments?post=2272"}],"version-history":[{"count":1,"href":"https:\/\/ceas.org.pe\/index.php\/wp-json\/wp\/v2\/posts\/2272\/revisions"}],"predecessor-version":[{"id":6943,"href":"https:\/\/ceas.org.pe\/index.php\/wp-json\/wp\/v2\/posts\/2272\/revisions\/6943"}],"wp:featuredmedia":[{"embeddable":true,"href":"https:\/\/ceas.org.pe\/index.php\/wp-json\/wp\/v2\/media\/7855"}],"wp:attachment":[{"href":"https:\/\/ceas.org.pe\/index.php\/wp-json\/wp\/v2\/media?parent=2272"}],"wp:term":[{"taxonomy":"category","embeddable":true,"href":"https:\/\/ceas.org.pe\/index.php\/wp-json\/wp\/v2\/categories?post=2272"},{"taxonomy":"post_tag","embeddable":true,"href":"https:\/\/ceas.org.pe\/index.php\/wp-json\/wp\/v2\/tags?post=2272"}],"curies":[{"name":"wp","href":"https:\/\/api.w.org\/{rel}","templated":true}]}}