{"id":2270,"date":"2015-04-06T17:43:25","date_gmt":"2015-04-06T17:43:25","guid":{"rendered":""},"modified":"2026-03-11T09:12:14","modified_gmt":"2026-03-11T14:12:14","slug":"web-dedicada-a-la-beatificacion-de-mortires-de-la-diocesis-de-chimbote","status":"publish","type":"post","link":"https:\/\/ceas.org.pe\/index.php\/2015\/04\/06\/web-dedicada-a-la-beatificacion-de-mortires-de-la-diocesis-de-chimbote\/","title":{"rendered":"Web dedicada a la beatificaci\u00f3n de m\u00f3rtires de la Di\u00f3cesis de Chimbote"},"content":{"rendered":"<p class=\"MsoNormal\">Web dedicada a la beatificaci\u00f3n de m\u00e1rtires de la Di\u00f3cesis de Chimbote<\/p>\n<p class=\"MsoNormal\">La Di\u00f3cesis de Chimbote comunic\u00f3 que ya se encuentra lista la p\u00e1gina web referida al proceso y camino de beatificaci\u00f3n de los sacerdotes Sandro, Miguel y Zbigniew; programada por la Santa Sede para el 5 de diciembre del 2015 en nuestra ciudad.<o:p><\/o:p><\/p>\n<p class=\"MsoNormal\" style=\"margin-bottom: 0.0001pt;\">La p\u00e1gina\u00a0<a href=\"http:\/\/www.beatificacionchimbote.org\/\" target=\"_blank\"><span style=\"color:blue\">www.beatificacionchimbote.org<\/span><\/a>\u00a0\u00a0ha sido impulsada por los Hermanos Franciscanos Conventuales del Per\u00fa, presentes en la Di\u00f3cesis de Chimbote; y ha sido desarrollada por CECOPROS.<o:p><\/o:p><\/p>\n<p class=\"MsoNormal\" style=\"margin-bottom: 0.0001pt;\">En esta web se publican biograf\u00edas de los m\u00e1rtires, novedades de la organizaci\u00f3n de la ceremonia de beatificaci\u00f3n y \u00a0se podr\u00e1n descargar oraciones, novenas, libros, folletos, videos, fotos, banners, etc.<o:p><\/o:p><\/p>\n<p>\u00a0<\/p>\n<p>\u00a0<\/p>\n<p class=\"MsoNormal\" style=\"margin-bottom: 0.0001pt;\"><span style=\"font-size: 10.5pt; font-family: Arial, sans-serif;\">La p\u00e1gina fue presentada en una reciente reuni\u00f3n de sacerdotes, religiosas y agentes pastorales que participar\u00e1n en la organizaci\u00f3n de la magna ceremonia de beatificaci\u00f3n de los m\u00e1rtires de la Di\u00f3cesis de Chimbote.<o:p><\/o:p><\/span><\/p>\n<p class=\"MsoNormal\">\u00a0<\/p>\n<p><a href=\"http:\/\/web.hilo.org.pe\/wp-content\/uploads\/martires 01.jpg\" target=\"_blank\" rel=\"noopener\">Ver archivo adjunto<\/a><\/p>\n","protected":false},"excerpt":{"rendered":"<p>La Di?cesis de Chimbote comunic? que ya se encuentra lista la p?gina web referida al proceso y camino de beatificaci?n de los sacerdotes Sandro, Miguel y Zbigniew; programada por la Santa Sede para el 5 de diciembre del 2015 en nuestra ciudad.<\/p>\n","protected":false},"author":1,"featured_media":7979,"comment_status":"closed","ping_status":"closed","sticky":false,"template":"","format":"standard","meta":{"footnotes":""},"categories":[9],"tags":[],"class_list":["post-2270","post","type-post","status-publish","format-standard","has-post-thumbnail","hentry","category-noticias"],"_links":{"self":[{"href":"https:\/\/ceas.org.pe\/index.php\/wp-json\/wp\/v2\/posts\/2270","targetHints":{"allow":["GET"]}}],"collection":[{"href":"https:\/\/ceas.org.pe\/index.php\/wp-json\/wp\/v2\/posts"}],"about":[{"href":"https:\/\/ceas.org.pe\/index.php\/wp-json\/wp\/v2\/types\/post"}],"author":[{"embeddable":true,"href":"https:\/\/ceas.org.pe\/index.php\/wp-json\/wp\/v2\/users\/1"}],"replies":[{"embeddable":true,"href":"https:\/\/ceas.org.pe\/index.php\/wp-json\/wp\/v2\/comments?post=2270"}],"version-history":[{"count":1,"href":"https:\/\/ceas.org.pe\/index.php\/wp-json\/wp\/v2\/posts\/2270\/revisions"}],"predecessor-version":[{"id":6945,"href":"https:\/\/ceas.org.pe\/index.php\/wp-json\/wp\/v2\/posts\/2270\/revisions\/6945"}],"wp:featuredmedia":[{"embeddable":true,"href":"https:\/\/ceas.org.pe\/index.php\/wp-json\/wp\/v2\/media\/7979"}],"wp:attachment":[{"href":"https:\/\/ceas.org.pe\/index.php\/wp-json\/wp\/v2\/media?parent=2270"}],"wp:term":[{"taxonomy":"category","embeddable":true,"href":"https:\/\/ceas.org.pe\/index.php\/wp-json\/wp\/v2\/categories?post=2270"},{"taxonomy":"post_tag","embeddable":true,"href":"https:\/\/ceas.org.pe\/index.php\/wp-json\/wp\/v2\/tags?post=2270"}],"curies":[{"name":"wp","href":"https:\/\/api.w.org\/{rel}","templated":true}]}}