{"id":2267,"date":"2015-03-31T11:00:09","date_gmt":"2015-03-31T11:00:09","guid":{"rendered":""},"modified":"2026-03-11T09:12:14","modified_gmt":"2026-03-11T14:12:14","slug":"papa-pide-ayuda-eficaz-para-voctimas-de-inundaciones-en-pero-y-chile","status":"publish","type":"post","link":"https:\/\/ceas.org.pe\/index.php\/2015\/03\/31\/papa-pide-ayuda-eficaz-para-voctimas-de-inundaciones-en-pero-y-chile\/","title":{"rendered":"Papa pide ayuda eficaz para v\u00f3ctimas de inundaciones en Per\u00f3 y Chile"},"content":{"rendered":"<p>VATICANO, \u00a0(ACI).- El Papa Francisco ha enviado un telegrama de condolencias al Nuncio Apost\u00f3lico en Chile, Mons. Ivo Scapolo, y al Nuncio Apost\u00f3lico en Per\u00fa, Mons. James Patrick Green, por las v\u00edctimas de las inundaciones que golpearon en los d\u00edas pasados ambos pa\u00edses.<\/p>\n<div>\u00a0<\/div>\n<div>El telegrama, enviado por el Secretario de Estado Vaticano, el Cardenal Pietro Parolin, asegura que \u201cante las graves inundaciones que han tenido lugar en zonas de Chile y de Per\u00fa, ocasionando v\u00edctimas y cuantiosos da\u00f1os materiales, el Santo Padre ofrece sufragios por el eterno descanso de los fallecidos y pide al Se\u00f1or que conceda su consue\u00adlo y fortaleza a los afectados por la desgracia\u201d.<\/div>\n<div>\u00a0<\/div>\n<div>Adem\u00e1s, explica que el Pont\u00edfice \u201cexhorta a las instituciones y a todos los hombres de buena voluntad a que, movidos por sentimientos de solidaridad fraterna y caridad cristiana, presten una ayuda eficaz para superar estos dif\u00edciles momentos, a la vez que los bendice de coraz\u00f3n\u201d.<\/div>\n<div>\u00a0<\/div>\n<div>En los \u00faltimos d\u00edas, el distrito lime\u00f1o de Chosica se ha visto golpeado por el deslizamiento de lodo y grandes piedras (huaicos) a ra\u00edz de las intensas lluvias, que han ocasionado tambi\u00e9n la muerte de ocho personas y decenas de heridos.<\/div>\n<div>\u00a0<\/div>\n<div>El m\u00e1s fuerte de los huaicos ocurri\u00f3 el lunes 23 de marzo y dej\u00f3 viviendas destruidas y otras inundadas de lodo y piedras. Adem\u00e1s dej\u00f3 bloqueada la carretera central, principal v\u00eda de acceso a la sierra central del Per\u00fa, que paulatinamente se ha ido reabriendo para el tr\u00e1nsito vehicular regular.<\/div>\n<div>\u00a0<\/div>\n<div>\u00a0<\/div>\n<div>La magnitud de los da\u00f1os llev\u00f3 al gobierno a declarar en emergencia la zona de Chosica por un plazo de 60 d\u00edas.<\/div>\n<div>\u00a0<\/div>\n<div>Ante esta emergencia, el viernes 27 de marzo la Vicar\u00eda de Acci\u00f3n Social del Arzobispado de Lima envi\u00f3 m\u00e1s de 2.000 desayunos, bolsas de alimento y frazadas a la zona afectada. Adem\u00e1s, se ha destinado un equipo de m\u00e9dicos y psic\u00f3logos del Comit\u00e9 Local de Atenci\u00f3n de Salud (CLAS) \u201cJuan Pablo II\u201d de Manchay, para atender a los pobladores.<\/div>\n<div>\u00a0<\/div>\n<div>\u00a0<\/div>\n<div>Asimismo, C\u00e1ritas del Per\u00fa, en alianza con algunos canales de televisi\u00f3n, ha emprendido una campa\u00f1a de solidaridad para que las personas de otras partes del pa\u00eds env\u00eden alimentos y ropa, en ayuda a los m\u00e1s necesitados y a aquellos que lo han perdido todo.<\/div>\n<div>\u00a0<\/div>\n<div>Por su parte, Chile tambi\u00e9n ha sufrido importantes da\u00f1os. El norte del pa\u00eds fue afectado por el temporal, sobre todo en las regiones de Antofagasta, Atacama y Coquimbo.<\/div>\n<div>\u00a0<\/div>\n<div>A consecuencia de esto seis personas han muerto, hay 496 damnificados en la regi\u00f3n de Antofagasta, 4.100 en la regi\u00f3n de Atacama, y 19 m\u00e1s han sido reportadas desaparecidas.<\/div>\n<div>\u00a0<\/div>\n<div>Al igual que en el Per\u00fa, C\u00e1ritas Chile se ha puesto en marcha para acompa\u00f1ar a las comunidades afectadas por esta nueva emergencia.<\/div>\n<div>\u00a0<\/div>\n<div>\u00a0<\/div>\n<div>Por ello, se encuentran trabajando en red junto a las di\u00f3cesis de Copiap\u00f3 y Antofagasta identificando las necesidades m\u00e1s urgentes de las familias afectadas.<\/div>\n<div>\u00a0<\/div>\n<div>Fuente: aciprensa.com<\/div>\n<p><a href=\"http:\/\/web.hilo.org.pe\/wp-content\/uploads\/inundaciones.jpg\" target=\"_blank\" rel=\"noopener\">Ver archivo adjunto<\/a><\/p>\n","protected":false},"excerpt":{"rendered":"<p>VATICANO,  (ACI).- El Papa Francisco ha enviado un telegrama de condolencias al Nuncio Apost?lico en Chile, Mons. Ivo Scapolo, y al Nuncio Apost?lico en Per?, Mons. James Patrick Green, por las v?ctimas de las inundaciones que golpearon en los d?as pasados ambos pa?ses.<\/p>\n","protected":false},"author":1,"featured_media":7874,"comment_status":"closed","ping_status":"closed","sticky":false,"template":"","format":"standard","meta":{"footnotes":""},"categories":[9],"tags":[],"class_list":["post-2267","post","type-post","status-publish","format-standard","has-post-thumbnail","hentry","category-noticias"],"_links":{"self":[{"href":"https:\/\/ceas.org.pe\/index.php\/wp-json\/wp\/v2\/posts\/2267","targetHints":{"allow":["GET"]}}],"collection":[{"href":"https:\/\/ceas.org.pe\/index.php\/wp-json\/wp\/v2\/posts"}],"about":[{"href":"https:\/\/ceas.org.pe\/index.php\/wp-json\/wp\/v2\/types\/post"}],"author":[{"embeddable":true,"href":"https:\/\/ceas.org.pe\/index.php\/wp-json\/wp\/v2\/users\/1"}],"replies":[{"embeddable":true,"href":"https:\/\/ceas.org.pe\/index.php\/wp-json\/wp\/v2\/comments?post=2267"}],"version-history":[{"count":1,"href":"https:\/\/ceas.org.pe\/index.php\/wp-json\/wp\/v2\/posts\/2267\/revisions"}],"predecessor-version":[{"id":6951,"href":"https:\/\/ceas.org.pe\/index.php\/wp-json\/wp\/v2\/posts\/2267\/revisions\/6951"}],"wp:featuredmedia":[{"embeddable":true,"href":"https:\/\/ceas.org.pe\/index.php\/wp-json\/wp\/v2\/media\/7874"}],"wp:attachment":[{"href":"https:\/\/ceas.org.pe\/index.php\/wp-json\/wp\/v2\/media?parent=2267"}],"wp:term":[{"taxonomy":"category","embeddable":true,"href":"https:\/\/ceas.org.pe\/index.php\/wp-json\/wp\/v2\/categories?post=2267"},{"taxonomy":"post_tag","embeddable":true,"href":"https:\/\/ceas.org.pe\/index.php\/wp-json\/wp\/v2\/tags?post=2267"}],"curies":[{"name":"wp","href":"https:\/\/api.w.org\/{rel}","templated":true}]}}