{"id":2264,"date":"2015-03-30T13:03:17","date_gmt":"2015-03-30T13:03:17","guid":{"rendered":""},"modified":"2026-03-11T09:12:14","modified_gmt":"2026-03-11T14:12:14","slug":"la-iglesia-catolica-ante-la-comision-interamericana-de-derechos-humanos-cidh","status":"publish","type":"post","link":"https:\/\/ceas.org.pe\/index.php\/2015\/03\/30\/la-iglesia-catolica-ante-la-comision-interamericana-de-derechos-humanos-cidh\/","title":{"rendered":"La Iglesia Cat\u00f3lica ante la Comisi\u00f3n Interamericana de Derechos Humanos (CIDH)"},"content":{"rendered":"<p>El pasado 19 de marzo, el Departamento de Justicia y Solidaridad del CELAM (DEJUSOL), y la Red Eclesial Panamaz\u00f3nica (REPAM) presentaron formalmente ante la Comisi\u00f3n Interamericana de Derechos Humanos, con sede en Washington, \u201csus preocupaciones sobre la vulneraci\u00f3n de los derechos humanos y los efectos ocasionados por las industrias extractivas\u201d.<\/p>\n<div>\u00a0<\/div>\n<div>Puntualmente participaron tres obispos (Per\u00fa-Brasil-Guatemala): monse\u00f1or Pedro Barreto, obispo de Huancayo (Per\u00fa); \u00a0monse\u00f1or Roque Paloschi, obispo de Roraima (Brasil); y monse\u00f1or \u00c1lvaro Ramazzini, obispo de Huehuetenango (Guatemala).<\/div>\n<div>\u00a0<\/div>\n<div>El presidente del DEJUSOL, monse\u00f1or Pedro Barreto, destac\u00f3 lo valioso de la REPAM: \u201cEs un espacio de di\u00e1logo y de apoyo mutuo, porque en los 6 millones de km2 de la Amazonia los problemas son parecidos. Las poblaciones ind\u00edgenas y ribere\u00f1as se ven afectadas en sus derechos fundamentales. Son unos 35 millones de hermanos y hermanas\u201d.<\/div>\n<div>\u00a0<\/div>\n<div>Monse\u00f1or Paloschi, miembro de la Comisi\u00f3n Amaz\u00f3nica de la CNBB, indic\u00f3 su preocupaci\u00f3n por el agronegocio: \u201cHay en la Amazonia una avalancha de proyectos armados por el gran capital, pero tambi\u00e9n est\u00e1 la extracci\u00f3n ilegal: la miner\u00eda es muy fuerte, pero en Roraima avanza el agronegocio y la monocultura de ca\u00f1a, soya, palma y eucalipto\u201d. E hizo p\u00fablica la propuesta de la Iglesia durante su presentaci\u00f3n ante la CIDH:<\/div>\n<div>\u00a0<\/div>\n<div>Canal permanente de cooperaci\u00f3n<\/div>\n<div>Formaci\u00f3n sobre par\u00e1metros \u00a0internacionales en materia de derechos humanos y pueblos ind\u00edgenas y no ind\u00edgenas para agentes pastorales, l\u00edderes sociales y pueblos vulnerables.<\/div>\n<div>Relator\u00eda anual sobre amenazas y agresiones sufridas por agentes pastorales de la Iglesia Cat\u00f3lica y l\u00edderes sociales para velar por el compromiso de los estados en materia de DDHH y pueblos ind\u00edgenas.<\/div>\n<div>Asumir corresponsabilidad internacional sobre la naturaleza y respeto de derechos humanos, de pueblos ind\u00edgenas y no ind\u00edgenas, reparaci\u00f3n a v\u00edctimas y ambientales por las consecuencias de las industrias extractivas.<\/div>\n<div>No criminalizar las manifestaciones sociales en contexto de conflictos socio ambientales.<\/div>\n<div>Buscar salidas pac\u00edficas y justas en respecto a la cultura y naturaleza<\/div>\n<div>En tanto que el presidente de la Pastoral Social de la Conferencia Episcopal de Guatemala, monse\u00f1or Ramazzini, puso la lupa sobre los ind\u00edgenas y la pobreza: \u201cQue se oigan las voces de las poblaciones ind\u00edgenas, empobrecidas con las consecuencias de esta actividad extractiva que va contra el medio ambiente. Queremos hacer visible una problem\u00e1tica que no es bien conocida y menos a\u00fan comprendida\u201d.<\/div>\n<div>\u00a0<\/div>\n<div>El Secretario Ejecutivo de C\u00e1ritas Ecuador y de la REPAM, Mauricio L\u00f3pez record\u00f3 la invitaci\u00f3n que sobre el punto hiciera el Papa Francisco cuando pidi\u00f3 \u00abuna participaci\u00f3n m\u00e1s seria en los \u00e1mbitos en donde se toman las decisiones, sobre el pecado estructural\u00bb. A lo que sum\u00f3 los objetivos de esta instancia: \u201cvisibilizar el rol, la actuaci\u00f3n de la Iglesia y dar cuenta de lo que el papa Francisco est\u00e1 planteando en la enc\u00edclica que viene -seguramente para junio-, la presi\u00f3n que \u00e9l va a ejercer desde su poder simb\u00f3lico, pero tratando de influir \u00e9ticamente en lo que ser\u00e1 la COP 21* en Par\u00eds\u00bb.\u00a0<\/div>\n<div>\u00a0<\/div>\n<div><strong>HEROICA, PR\u00d3XIMA, PR\u00d3JIMA<\/strong><\/div>\n<div>\u00a0<\/div>\n<div>As\u00ed defini\u00f3 la presencia de la Iglesia entre los pueblos que han luchado y luchan en defensa de sus derechos el ya citado Mauricio L\u00f3pez: \u201cHoy la REPAM est\u00e1 patrocinada por las cuatro instancias (DEJUSOL-CELAM, SELACC \u2500\u2500Secretariado Latinoamericano y Caribe\u00f1o de C\u00e1ritas\u2500 y la CNBB \u2500\u2500Conferencia Episcopal de Brasil\u2500\u2500), por m\u00faltiples congregaciones, Conferencias Episcopales, est\u00e1 dando un paso adelante en la concreci\u00f3n de lo que significa acompa\u00f1ar procesos concretos\u00bb.<\/div>\n<div>\u00a0<\/div>\n<div>La delegaci\u00f3n entreg\u00f3 a la CIDH un informe donde se detallan casos de violaciones a los derechos humanos cometidas por las empresas extractivas y donde se indica expresamente la detecci\u00f3n de la indiferencia por parte de muchos estados de la regi\u00f3n ante estas pr\u00e1cticas que afectan la salud y la vida de comunidades ind\u00edgenas y campesinas. Destacan, adem\u00e1s, \u201ccomo pr\u00e1cticas usuales de los Estados la criminalizaci\u00f3n de la protesta, las agresiones a los defensores de derechos humanos, as\u00ed como el crecimiento de la conflictividad social como consecuencia de las extracciones de recursos naturales\u201d.<\/div>\n<div>\u00a0<\/div>\n<div>David Lovat\u00f3n, abogado y asesor del CELAM, present\u00f3 ante los comisionados 5 casos emblem\u00e1ticos: \u201cen Brasil, Piqui\u00e1 de Baxio; en M\u00e9xico, San Jos\u00e9 de Guajaca y en Honduras, Comunidad Nueva Esperanza, por la incidencia de la actividad minera. En Ecuador, en el Parque Nacional Yasun\u00ed y en Per\u00fa en Amazonas y Loreto, por los impactos de la explotaci\u00f3n petrolera; los cinco casos denuncian agresi\u00f3n y vulneraci\u00f3n de los derechos y los pueblos ind\u00edgenas\u201d, indica Caritas Ecuador.<\/div>\n<div>\u00a0<\/div>\n<div>M\u00e1s abajo se podr\u00e1 acceder a la carta que le envi\u00f3 monse\u00f1or Paul-Andr\u00e9 Durocher \u00a0\u2500\u2500arzobispo de Gatineau (Canad\u00e1), presidente de la Conferencia Canadiense de Obispos Cat\u00f3licos\u2500\u2500 al presidente del CELAM, monse\u00f1or Carlos Aguiar Retes, Arzobispo de Tlalnepantla (M\u00e9xico) en tres lenguas: espa\u00f1ol, franc\u00e9s e ingl\u00e9s.<\/div>\n<div>\u00a0<\/div>\n<div>*: COP21: es la 21\u00aa conferencia sobre el clima (Paris Climat 2015) organizada por las Naciones Unidas sobre el Cambio Clim\u00e1tico. Se realizar\u00e1 a partir del 30 de noviembre de 2015.<\/div>\n<div>\u00a0<\/div>\n<div>\u00a0<\/div>\n<div>VIRGINIA BONARD<\/div>\n<div>FUENTES: Agencias, Portales, Radios, C\u00e1ritas Latinoam\u00e9rica y de Ecuador, Signis<\/div>\n<p><a href=\"http:\/\/web.hilo.org.pe\/wp-content\/uploads\/derechos.jpg\" target=\"_blank\" rel=\"noopener\">Ver archivo adjunto<\/a><\/p>\n","protected":false},"excerpt":{"rendered":"<p>El pasado 19 de marzo, el Departamento de Justicia y Solidaridad del CELAM (DEJUSOL), y la Red Eclesial Panamaz?nica (REPAM) presentaron formalmente ante la Comisi?n Interamericana de Derechos Humanos, con sede en Washington, ?sus preocupaciones sobre la vulneraci?n de los derechos humanos y los efectos ocasionados por las industrias extractivas?.<\/p>\n","protected":false},"author":1,"featured_media":7936,"comment_status":"closed","ping_status":"closed","sticky":false,"template":"","format":"standard","meta":{"footnotes":""},"categories":[9],"tags":[],"class_list":["post-2264","post","type-post","status-publish","format-standard","has-post-thumbnail","hentry","category-noticias"],"_links":{"self":[{"href":"https:\/\/ceas.org.pe\/index.php\/wp-json\/wp\/v2\/posts\/2264","targetHints":{"allow":["GET"]}}],"collection":[{"href":"https:\/\/ceas.org.pe\/index.php\/wp-json\/wp\/v2\/posts"}],"about":[{"href":"https:\/\/ceas.org.pe\/index.php\/wp-json\/wp\/v2\/types\/post"}],"author":[{"embeddable":true,"href":"https:\/\/ceas.org.pe\/index.php\/wp-json\/wp\/v2\/users\/1"}],"replies":[{"embeddable":true,"href":"https:\/\/ceas.org.pe\/index.php\/wp-json\/wp\/v2\/comments?post=2264"}],"version-history":[{"count":1,"href":"https:\/\/ceas.org.pe\/index.php\/wp-json\/wp\/v2\/posts\/2264\/revisions"}],"predecessor-version":[{"id":6954,"href":"https:\/\/ceas.org.pe\/index.php\/wp-json\/wp\/v2\/posts\/2264\/revisions\/6954"}],"wp:featuredmedia":[{"embeddable":true,"href":"https:\/\/ceas.org.pe\/index.php\/wp-json\/wp\/v2\/media\/7936"}],"wp:attachment":[{"href":"https:\/\/ceas.org.pe\/index.php\/wp-json\/wp\/v2\/media?parent=2264"}],"wp:term":[{"taxonomy":"category","embeddable":true,"href":"https:\/\/ceas.org.pe\/index.php\/wp-json\/wp\/v2\/categories?post=2264"},{"taxonomy":"post_tag","embeddable":true,"href":"https:\/\/ceas.org.pe\/index.php\/wp-json\/wp\/v2\/tags?post=2264"}],"curies":[{"name":"wp","href":"https:\/\/api.w.org\/{rel}","templated":true}]}}