{"id":2262,"date":"2015-03-27T11:29:30","date_gmt":"2015-03-27T11:29:30","guid":{"rendered":""},"modified":"2026-03-11T09:12:14","modified_gmt":"2026-03-11T14:12:14","slug":"el-secretario-de-estado-vaticano-participaro-de-la-cumbre-de-las-amoricas","status":"publish","type":"post","link":"https:\/\/ceas.org.pe\/index.php\/2015\/03\/27\/el-secretario-de-estado-vaticano-participaro-de-la-cumbre-de-las-amoricas\/","title":{"rendered":"El Secretario de Estado Vaticano participar\u00f3 de la Cumbre de las Am\u00f3ricas"},"content":{"rendered":"<p>El Secretario de Estado Vaticano, cardenal Pietro Parolin, participar\u00e1 de la VII Cumbre de las Am\u00e9ricas, que se celebrar\u00e1 en la Ciudad de Panam\u00e1 el 10 y 11 de abril pr\u00f3ximo. Ser\u00e1 la primera vez que un alto representante de la Santa Sede est\u00e1 presente en este encuentro, as\u00ed como la primera vez que participa la delegaci\u00f3n cubana.\u00a0<\/p>\n<div>\u00a0<\/div>\n<div>Seg\u00fan inform\u00f3 el viceministro de Exterior de Panam\u00e1, Luis Miguel Hincapi\u00e9, el papa Francisco decidi\u00f3 enviar al cardenal Parolin en respuesta a una solicitud del presidente paname\u00f1o Juan Carlos Varela.\u00a0<\/div>\n<div>\u00a0<\/div>\n<div>El cardenal Parolin y el presidente Varela se hab\u00edan reunido en el Vaticano en febrero, con motivo del Consistorio durante el cual hab\u00eda sido nombrado cardenal monse\u00f1or Jos\u00e9 Luis Lacunza, obispo de la di\u00f3cesis de David, en Panam\u00e1.\u00a0<\/div>\n<div>\u00a0<\/div>\n<div>Hincapi\u00e9 tambi\u00e9n declar\u00f3 a la prensa local que en una reuni\u00f3n anterior de la Organizaci\u00f3n de los Estados Americanos , se acord\u00f3 que a la cumbre no se lleven cuestiones especialmente pol\u00e9micas, sino, por el contrario, se fomente el di\u00e1logo.\u00a0<\/div>\n<div>\u00a0<\/div>\n<div>Algunos especulan que en esta ocasi\u00f3n se podr\u00eda dar una reuni\u00f3n entre el presidente estadounidense, Barak Obama, y su hom\u00f3logo cubano, Ra\u00fal Castro. Si as\u00ed fuese, ser\u00eda el primer apret\u00f3n de manos entre los dos l\u00edderes despu\u00e9s del acuerdo anunciado el 14 de diciembre de 2014 para una normalizaci\u00f3n de las relaciones despu\u00e9s de m\u00e1s de medio siglo de tensiones.\u00a0<\/div>\n<div>\u00a0<\/div>\n<div>La Cumbre de las Am\u00e9ricas es un encuentro que re\u00fane a los jefes de Estado y de Gobierno de los pa\u00edses del continente para discutir cuestiones pol\u00edticas y acordar acciones comunes a nivel nacional y regional. La primera reuni\u00f3n tuvo lugar en 1994 en Miami, esta de Panam\u00e1 ser\u00e1 la s\u00e9ptima.\u00a0<\/div>\n<div>\u00a0<\/div>\n<div>La democracia siempre fue un tema central en las diversas cumbres. El crecimiento, el desarrollo, la creaci\u00f3n de puestos de trabajo, la pobreza, el medio ambiente, la seguridad energ\u00e9tica, la discriminaci\u00f3n y la delincuencia, son los otros temas que se tocan con frecuencia en estas reuniones.+\u00a0<\/div>\n<div>\u00a0<\/div>\n<div>Fuente: celam.org<\/div>\n<div>\u00a0<\/div>\n<p><a href=\"http:\/\/web.hilo.org.pe\/wp-content\/uploads\/cumbreamerica.jpg\" target=\"_blank\" rel=\"noopener\">Ver archivo adjunto<\/a><\/p>\n","protected":false},"excerpt":{"rendered":"<p>El Secretario de Estado Vaticano, cardenal Pietro Parolin, participar? de la VII Cumbre de las Am?ricas, que se celebrar? en la Ciudad de Panam? el 10 y 11 de abril pr?ximo. Ser? la primera vez que un alto representante de la Santa Sede est? presente en este encuentro, as? como la primera vez que participa la delegaci?n cubana.<\/p>\n","protected":false},"author":1,"featured_media":7903,"comment_status":"closed","ping_status":"closed","sticky":false,"template":"","format":"standard","meta":{"footnotes":""},"categories":[9],"tags":[],"class_list":["post-2262","post","type-post","status-publish","format-standard","has-post-thumbnail","hentry","category-noticias"],"_links":{"self":[{"href":"https:\/\/ceas.org.pe\/index.php\/wp-json\/wp\/v2\/posts\/2262","targetHints":{"allow":["GET"]}}],"collection":[{"href":"https:\/\/ceas.org.pe\/index.php\/wp-json\/wp\/v2\/posts"}],"about":[{"href":"https:\/\/ceas.org.pe\/index.php\/wp-json\/wp\/v2\/types\/post"}],"author":[{"embeddable":true,"href":"https:\/\/ceas.org.pe\/index.php\/wp-json\/wp\/v2\/users\/1"}],"replies":[{"embeddable":true,"href":"https:\/\/ceas.org.pe\/index.php\/wp-json\/wp\/v2\/comments?post=2262"}],"version-history":[{"count":1,"href":"https:\/\/ceas.org.pe\/index.php\/wp-json\/wp\/v2\/posts\/2262\/revisions"}],"predecessor-version":[{"id":6956,"href":"https:\/\/ceas.org.pe\/index.php\/wp-json\/wp\/v2\/posts\/2262\/revisions\/6956"}],"wp:featuredmedia":[{"embeddable":true,"href":"https:\/\/ceas.org.pe\/index.php\/wp-json\/wp\/v2\/media\/7903"}],"wp:attachment":[{"href":"https:\/\/ceas.org.pe\/index.php\/wp-json\/wp\/v2\/media?parent=2262"}],"wp:term":[{"taxonomy":"category","embeddable":true,"href":"https:\/\/ceas.org.pe\/index.php\/wp-json\/wp\/v2\/categories?post=2262"},{"taxonomy":"post_tag","embeddable":true,"href":"https:\/\/ceas.org.pe\/index.php\/wp-json\/wp\/v2\/tags?post=2262"}],"curies":[{"name":"wp","href":"https:\/\/api.w.org\/{rel}","templated":true}]}}