{"id":2261,"date":"2015-03-26T13:54:55","date_gmt":"2015-03-26T13:54:55","guid":{"rendered":""},"modified":"2026-03-11T09:12:14","modified_gmt":"2026-03-11T14:12:14","slug":"coritas-alerta-contra-impacto-de-industria-extractiva-en-la-amazonoa","status":"publish","type":"post","link":"https:\/\/ceas.org.pe\/index.php\/2015\/03\/26\/coritas-alerta-contra-impacto-de-industria-extractiva-en-la-amazonoa\/","title":{"rendered":"C\u00f3ritas alerta contra impacto de industria extractiva en la Amazon\u00f3a"},"content":{"rendered":"<p>\u00a0La preocupaci\u00f3n pastoral de la Iglesia latinoamericana por proteger los derechos de las comunidades ind\u00edgenas y la sostenibilidad de los espacios naturales -una tarea en la que C\u00e1ritas Espa\u00f1ola est\u00e1 involucrada de manera muy activa junto a todas las C\u00e1ritas nacionales de la regi\u00f3n&#8211; dio el pasado 19 de marzo en Washington DC un paso de gran trascendencia a la hora de alzar la voz ante los impactos de la industria extractiva en la Amazonia.<\/p>\n<div>\u00a0<\/div>\n<div>Ese d\u00eda, en el marco de la audiencia p\u00fablica 154 del per\u00edodo de sesiones de la Comisi\u00f3n Interamericana de Derechos Humanos (CIDH) celebrada en la capital federal de los Estados Unidos, donde tiene su sede, una delegaci\u00f3n de la Iglesia latinoamericana, integrada por representantes del Consejo Episcopal Latinoamericano (CELAM) y de la Red Eclesial Pan Amaz\u00f3nica (REPAM), expuso ante la Comisi\u00f3n las consecuencias de esas actividades de extracci\u00f3n de recursos naturales en la regi\u00f3n amaz\u00f3nica.<\/div>\n<div>\u00a0<\/div>\n<div>Por parte del CELAM, acudieron a la comparecencia el arzobispo de Huancayo (Per\u00fa), monse\u00f1or Pedro Barreto; el obispo de Roraima (Brasil), monse\u00f1or Roque Palosci; y Luis Henrique Pinilla, responsable de Movilidad Humana. Por parte de la REPAM, estuvo presente su secretario ejecutivo y director de C\u00e1ritas Ecuador, Mauricio L\u00f3pez.<\/div>\n<div>\u00a0<\/div>\n<div><strong>Violaciones de derechos humanos y agresiones medioambientales<\/strong><\/div>\n<div>\u00a0<\/div>\n<div>Durante la sesi\u00f3n, los miembros de la citada delegaci\u00f3n entregaron a la Comisi\u00f3n un informe donde se incluyen casos en los que la Iglesia ha tenido un papel relevante ante las violaciones a los derechos humanos cometidas por las empresas extractivas.<\/div>\n<div>\u00a0<\/div>\n<div>Adem\u00e1s de indicar que muchos Estados de la regi\u00f3n permanecen indiferentes a estas pr\u00e1cticas, en el informe se denuncian tambi\u00e9n como pr\u00e1cticas usuales de esas empresas la criminalizaci\u00f3n de los defensores de los derechos humanos y los graves efectos que dichas explotaciones suponen para la salud, integridad y vida de las poblaciones aut\u00f3ctonas, especialmente de comunidades ind\u00edgenas y campesinas.<\/div>\n<div>\u00a0<\/div>\n<div><strong>Imperativo \u00e9tico universal<\/strong><\/div>\n<div>\u00a0<\/div>\n<div>En su intervenci\u00f3n, Mauricio L\u00f3pez recalc\u00f3 la presencia profunda de la Iglesia en la Amazonia y los retos que esa regi\u00f3n plantea de cara al futuro. \u00abEl desaf\u00edo es descomunal -se\u00f1al\u00f3- y supone un imperativo \u00e9tico universal que nos implica a todos, que inicia con un cambio radical de coraz\u00f3n y de actitud, y que es tambi\u00e9n una b\u00fasqueda de la Iglesia. Es imperativa la demanda del mejoramiento de las condiciones de vida para los m\u00e1s vulnerables: pueblos en aislamiento voluntario, pueblos amaz\u00f3nicos y futuras generaciones\u00bb.<\/div>\n<div>\u00a0<\/div>\n<div>\u00abLa iglesia -a\u00f1adi\u00f3 el representante de REPAM&#8211; pide perd\u00f3n por los tropiezos, pero reconoce la esperanza de su presencia, una presencia comprometida, encarnada, itinerante, con proyecci\u00f3n de futuro. Los rostros concretos nos hablan de una manera distinta de ver la vida\u00bb.<\/div>\n<div>\u00a0<\/div>\n<div>En la audiencia ante la CIDH se presentaron cinco casos emblem\u00e1ticos: Brasil, Honduras y M\u00e9xico, sobre miner\u00eda, y los casos Yasun\u00ed de Ecuador y de Amazonas, y de Loreto en Per\u00fa sobre el impacto de la extracci\u00f3n petrol\u00edfera.<\/div>\n<div>\u00a0<\/div>\n<div><strong>Propuestas<\/strong><\/div>\n<div>\u00a0<\/div>\n<div>Al finalizar la comparecencia, la delegaci\u00f3n formul\u00f3 diversas propuestas a la CIDH, entre las que cabe destacar:<\/div>\n<div>\u00a0<\/div>\n<div>&#8211; La creaci\u00f3n de un canal permanente de cooperaci\u00f3n.<\/div>\n<div>\u00a0<\/div>\n<div>&#8211; Impulsar una formaci\u00f3n sobre par\u00e1metros internacionales en materia de derechos humanos y pueblos ind\u00edgenas y no ind\u00edgenas para agentes pastorales, l\u00edderes sociales y pueblos vulnerables.<\/div>\n<div>\u00a0<\/div>\n<div>&#8211; Realizar una relator\u00eda anual sobre amenazas y agresiones sufridas por agentes pastorales de la Iglesia cat\u00f3lica y l\u00edderes sociales para velar por el compromiso de los estados en materia de DDHH y pueblos ind\u00edgenas.<\/div>\n<div>\u00a0<\/div>\n<div>&#8211; Asumir la corresponsabilidad internacional sobre la naturaleza y el respeto de derechos humanos, de pueblos ind\u00edgenas y no ind\u00edgenas, y la reparaci\u00f3n a las v\u00edctimas y por da\u00f1os ambientales por las consecuencias de las industrias extractivas.<\/div>\n<div>\u00a0<\/div>\n<div>&#8211; No criminalizar las manifestaciones sociales generadas por conflictos socio-ambientales.<\/div>\n<div>\u00a0<\/div>\n<div>&#8211; Buscar salidas pac\u00edficas y justas con relaci\u00f3n a la cultura y la naturaleza.<\/div>\n<div>\u00a0<\/div>\n<div>Finalmente, se destac\u00f3 la necesidad de adoptar un modelo de desarrollo en Am\u00e9rica latina que sea sostenible, en donde se armonicen el desarrollo econ\u00f3mico, los derechos humanos y el medio ambiente.<\/div>\n<div>\u00a0<\/div>\n<div>Fuente: C\u00e1ritas<\/div>\n<div>\u00a0<\/div>\n<div>\u00a0<\/div>\n<p><a href=\"http:\/\/web.hilo.org.pe\/wp-content\/uploads\/impacto.jpg\" target=\"_blank\" rel=\"noopener\">Ver archivo adjunto<\/a><\/p>\n","protected":false},"excerpt":{"rendered":"<p>La preocupaci?n pastoral de la Iglesia latinoamericana por proteger los derechos de las comunidades ind?genas y la sostenibilidad de los espacios naturales -una tarea en la que C?ritas Espa?ola est? involucrada de manera muy activa junto a todas las C?ritas nacionales de la regi?n&#8211; dio el pasado 19 de marzo en Washington DC un paso de gran trascendencia a la hora de alzar la voz ante los impactos de la industria extractiva en la Amazonia.<\/p>\n","protected":false},"author":1,"featured_media":8054,"comment_status":"closed","ping_status":"closed","sticky":false,"template":"","format":"standard","meta":{"footnotes":""},"categories":[9],"tags":[],"class_list":["post-2261","post","type-post","status-publish","format-standard","has-post-thumbnail","hentry","category-noticias"],"_links":{"self":[{"href":"https:\/\/ceas.org.pe\/index.php\/wp-json\/wp\/v2\/posts\/2261","targetHints":{"allow":["GET"]}}],"collection":[{"href":"https:\/\/ceas.org.pe\/index.php\/wp-json\/wp\/v2\/posts"}],"about":[{"href":"https:\/\/ceas.org.pe\/index.php\/wp-json\/wp\/v2\/types\/post"}],"author":[{"embeddable":true,"href":"https:\/\/ceas.org.pe\/index.php\/wp-json\/wp\/v2\/users\/1"}],"replies":[{"embeddable":true,"href":"https:\/\/ceas.org.pe\/index.php\/wp-json\/wp\/v2\/comments?post=2261"}],"version-history":[{"count":1,"href":"https:\/\/ceas.org.pe\/index.php\/wp-json\/wp\/v2\/posts\/2261\/revisions"}],"predecessor-version":[{"id":6957,"href":"https:\/\/ceas.org.pe\/index.php\/wp-json\/wp\/v2\/posts\/2261\/revisions\/6957"}],"wp:featuredmedia":[{"embeddable":true,"href":"https:\/\/ceas.org.pe\/index.php\/wp-json\/wp\/v2\/media\/8054"}],"wp:attachment":[{"href":"https:\/\/ceas.org.pe\/index.php\/wp-json\/wp\/v2\/media?parent=2261"}],"wp:term":[{"taxonomy":"category","embeddable":true,"href":"https:\/\/ceas.org.pe\/index.php\/wp-json\/wp\/v2\/categories?post=2261"},{"taxonomy":"post_tag","embeddable":true,"href":"https:\/\/ceas.org.pe\/index.php\/wp-json\/wp\/v2\/tags?post=2261"}],"curies":[{"name":"wp","href":"https:\/\/api.w.org\/{rel}","templated":true}]}}