{"id":2257,"date":"2015-03-25T10:17:55","date_gmt":"2015-03-25T10:17:55","guid":{"rendered":""},"modified":"2026-03-11T09:12:14","modified_gmt":"2026-03-11T14:12:14","slug":"papa-recuerda-que-la-familia-ocupa-un-puesto-central","status":"publish","type":"post","link":"https:\/\/ceas.org.pe\/index.php\/2015\/03\/25\/papa-recuerda-que-la-familia-ocupa-un-puesto-central\/","title":{"rendered":"Papa recuerda que la familia ocupa un puesto central"},"content":{"rendered":"<p>(RV).- En su catequesis de la audiencia general, celebrada el cuarto y \u00faltimo mi\u00e9rcoles de marzo, en coincidencia con la fiesta de la Anunciaci\u00f3n, el Papa Francisco propuso un momento de oraci\u00f3n a los miles de fieles y peregrinos que a pesar de la lluvia se hab\u00edan dado cita en la Plaza de San Pedro.<\/p>\n<div>\u00a0<\/div>\n<div>Al recordar la visita a Mar\u00eda del Arc\u00e1ngel Gabriel, que le anuncia que concebir\u00e1 y dar\u00e1 a luz al Hijo de Dios, el Obispo de Roma explic\u00f3 que con este anuncio, el Se\u00f1or ilumina y refuerza la fe de la Virgen, como har\u00e1 luego con su esposo, Jos\u00e9, para que Jes\u00fas nazca y sea acogido en el calor de una familia.<\/div>\n<div>\u00a0<\/div>\n<div>Teniendo en cuenta que en muchos pa\u00edses se celebra la Jornada por la Vida, en el 20\u00ba aniversario de la promulgaci\u00f3n de la Evangelium vitae, la enc\u00edclica de San Juan Pablo II sobre el valor y el car\u00e1cter inviolable de la vida humana, en la que \u2013 como dijo el Papa \u2013 la familia ocupa un puesto central, Francisco destac\u00f3 que desde el principio, Dios bendijo al hombre y a la mujer para que formaran una comunidad de amor para transmitir la vida.<\/div>\n<div>\u00a0<\/div>\n<div>Tambi\u00e9n record\u00f3 que en el sacramento del matrimonio, los esposos cristianos se comprometen con esta bendici\u00f3n durante toda la vida; y la Iglesia, por su parte, se obliga a no abandonar a la nueva familia, ni siquiera cuando \u00e9sta se aleje o caiga en el pecado, llam\u00e1ndola siempre a la conversi\u00f3n y a la reconciliaci\u00f3n con el Se\u00f1or.<\/div>\n<div>\u00a0<\/div>\n<div>Por eso \u2013 dijo tambi\u00e9n el Santo Padre \u2013 la Iglesia necesita una oraci\u00f3n llena de amor por la familia y por la vida. De ah\u00ed su propuesta de rezar insistentemente por el pr\u00f3ximo S\u00ednodo de los Obispos, sobre la familia, para que la Iglesia est\u00e9 cada vez m\u00e1s comprometida y m\u00e1s unida en su testimonio del amor y la misericordia de Dios con todas las familias.<\/div>\n<div>\u00a0<\/div>\n<div>Fuente: Mar\u00eda Fernanda Bernasconi &#8211; RV<\/div>\n<p><a href=\"http:\/\/web.hilo.org.pe\/wp-content\/uploads\/familiacentral.jpg\" target=\"_blank\" rel=\"noopener\">Ver archivo adjunto<\/a><\/p>\n","protected":false},"excerpt":{"rendered":"<p>(RV).- En su catequesis de la audiencia general, celebrada el cuarto y ?ltimo mi?rcoles de marzo, en coincidencia con la fiesta de la Anunciaci?n, el Papa Francisco propuso un momento de oraci?n a los miles de fieles y peregrinos que a pesar de la lluvia se hab?an dado cita en la Plaza de San Pedro.<\/p>\n","protected":false},"author":1,"featured_media":7893,"comment_status":"closed","ping_status":"closed","sticky":false,"template":"","format":"standard","meta":{"footnotes":""},"categories":[9],"tags":[],"class_list":["post-2257","post","type-post","status-publish","format-standard","has-post-thumbnail","hentry","category-noticias"],"_links":{"self":[{"href":"https:\/\/ceas.org.pe\/index.php\/wp-json\/wp\/v2\/posts\/2257","targetHints":{"allow":["GET"]}}],"collection":[{"href":"https:\/\/ceas.org.pe\/index.php\/wp-json\/wp\/v2\/posts"}],"about":[{"href":"https:\/\/ceas.org.pe\/index.php\/wp-json\/wp\/v2\/types\/post"}],"author":[{"embeddable":true,"href":"https:\/\/ceas.org.pe\/index.php\/wp-json\/wp\/v2\/users\/1"}],"replies":[{"embeddable":true,"href":"https:\/\/ceas.org.pe\/index.php\/wp-json\/wp\/v2\/comments?post=2257"}],"version-history":[{"count":1,"href":"https:\/\/ceas.org.pe\/index.php\/wp-json\/wp\/v2\/posts\/2257\/revisions"}],"predecessor-version":[{"id":6961,"href":"https:\/\/ceas.org.pe\/index.php\/wp-json\/wp\/v2\/posts\/2257\/revisions\/6961"}],"wp:featuredmedia":[{"embeddable":true,"href":"https:\/\/ceas.org.pe\/index.php\/wp-json\/wp\/v2\/media\/7893"}],"wp:attachment":[{"href":"https:\/\/ceas.org.pe\/index.php\/wp-json\/wp\/v2\/media?parent=2257"}],"wp:term":[{"taxonomy":"category","embeddable":true,"href":"https:\/\/ceas.org.pe\/index.php\/wp-json\/wp\/v2\/categories?post=2257"},{"taxonomy":"post_tag","embeddable":true,"href":"https:\/\/ceas.org.pe\/index.php\/wp-json\/wp\/v2\/tags?post=2257"}],"curies":[{"name":"wp","href":"https:\/\/api.w.org\/{rel}","templated":true}]}}