{"id":2250,"date":"2015-03-19T13:53:39","date_gmt":"2015-03-19T13:53:39","guid":{"rendered":""},"modified":"2026-03-11T09:12:15","modified_gmt":"2026-03-11T14:12:15","slug":"encuentro-nacional-de-pastoral-de-derechos-humanos-a-50-aoos-de-ceas","status":"publish","type":"post","link":"https:\/\/ceas.org.pe\/index.php\/2015\/03\/19\/encuentro-nacional-de-pastoral-de-derechos-humanos-a-50-aoos-de-ceas\/","title":{"rendered":"Encuentro Nacional de Pastoral de Derechos Humanos a 50 a\u00f3os de CEAS"},"content":{"rendered":"<p><span style=\"font-family: Calibri, sans-serif; font-size: 14pt; text-align: center;\">Encuentro Nacional de Pastoral de Derechos Humanos a 50 a\u00f1os de CEAS<\/span><\/p>\n<p class=\"MsoNormal\" align=\"center\" style=\"text-align:center\">\u00a0<\/p>\n<p class=\"MsoNormal\" style=\"text-align:justify\"><span lang=\"ES\" style=\"font-size: 11pt; font-family: Calibri, sans-serif;\">A la luz del Evangelio y de la Doctrina Social de la Iglesia, despu\u00e9s de casi 10 a\u00f1os realizamos el Encuentro Nacional. Se busc\u00f3, con el Encuentro, articular los esfuerzos de las oficinas de derechos humanos que vienen llevando adelante la pastoral de derechos humanos en las diferentes jurisdicciones del Per\u00fa. Intentamos con el encuentro, responder al llamado del Papa Francisco y de los obispos reunidos en Aparecida, para quienes: \u201cLa Iglesia est\u00e1 llamada a ser una escuela permanente de verdad y justicia, de perd\u00f3n y reconciliaci\u00f3n para construir una paz aut\u00e9ntica\u201d (N\u00b0 542).<\/span><span style=\"font-size: 11pt; font-family: Calibri, sans-serif;\"><o:p><\/o:p><\/span><\/p>\n<p class=\"MsoNormal\"><span lang=\"ES\" style=\"font-size: 11pt; font-family: Calibri, sans-serif;\">Este encuentro se llev\u00f3 a cabo en la Casa \u201cSanta Luisa de Marillac\u201d en Magdalena del Mar, durante los d\u00edas 11, 12 y 13 de marzo congregando a 38 participantes de 26 jurisdicciones eclesi\u00e1sticas de nuestro pa\u00eds, entre las que tuvimos a: Ayacucho, Callao, Carabayllo, Chimbote, Chosica, Chulucanas, Cusco, \u00a0Huamachuco, Huancayo, Hu\u00e1nuco, Huancavelica, Huaraz, Huari, Iquitos, Lima, Lur\u00edn, Moyobamba, Pucallpa, Puerto Maldonado, San Francisco Javier, San Jos\u00e9 del Amazonas, Sicuani, Tacna, Tarma, Trujillo y Yurimaguas.<\/span><span style=\"font-size: 11pt; font-family: Calibri, sans-serif;\"><o:p><\/o:p><\/span><\/p>\n<p class=\"MsoNormal\" style=\"text-align:justify\"><span lang=\"ES\" style=\"font-size: 11pt; font-family: Calibri, sans-serif;\">En el primer d\u00eda tuvimos el panel \u201cDesaf\u00edos a partir de la realidad de los derechos humanos en el Per\u00fa y la Regi\u00f3n Andina a cargo de Rafael Barrantes de la Cruz Roja Internacional y de Francisco Sober\u00f3n, experto internacional y miembro \u00a0de APRODEH. Contamos con las experiencias de las realidades regionales a cargo de: V\u00edctor Mendoza por Chimbote, Yahdhira Fern\u00e1ndez por Ja\u00e9n y de Yv\u00e1n Boucher por el Vicariato de San Jos\u00e9 del Amazonas.<\/span><span style=\"font-size: 11pt; font-family: Calibri, sans-serif;\"><o:p><\/o:p><\/span><\/p>\n<p class=\"MsoNormal\" style=\"text-align:justify\"><span lang=\"ES\" style=\"font-size: 11pt; font-family: Calibri, sans-serif;\">En el segundo d\u00eda se desarroll\u00f3 el panel \u201cHacia una pastoral de los derechos humanos a la luz de la Doctrina Social de la Iglesia\u201d a cargo de Laura Vargas, Programa Doctrina Social de Ia Iglesia de CEAS y de Tebaldo Vinciguerra, del Pontificio Consejo Justicia y Paz, con comentarios a cargo de Concepci\u00f3n Salizar de la Vicaria de Solidaridad de Sicuani, Carmen Ar\u00e9valo de la Oficina de Derechos Humanos de Iquitos y de Nelly Meza de la di\u00f3cesis de Chosica.<\/span><span style=\"font-size: 11pt; font-family: Calibri, sans-serif;\"><o:p><\/o:p><\/span><\/p>\n<p class=\"MsoNormal\" style=\"text-align:justify\"><span lang=\"ES\" style=\"font-size: 11pt; font-family: Calibri, sans-serif;\">En el tercer d\u00eda se intent\u00f3 responder a la pregunta \u00bfQu\u00e9 acciones comunes podemos impulsar desde nuestras jurisdicciones? a cargo de Luis Llontop, Responsable de la Pastoral de Derechos Humanos y Justicia Penal y Penitenciaria de CEAS.<\/span><span style=\"font-size: 11pt; font-family: Calibri, sans-serif;\"><o:p><\/o:p><\/span><\/p>\n<p class=\"MsoNormal\" style=\"text-align:justify\"><span lang=\"ES\" style=\"font-size: 11pt; font-family: Calibri, sans-serif;\">Un encuentro esperanzador que nos devuelve la pasi\u00f3n por seguir proclamando el evangelio de los derechos humanos en el Per\u00fa.<o:p><\/o:p><\/span><\/p>\n<p class=\"MsoNormal\" style=\"text-align:justify\"><span lang=\"ES\" style=\"font-size: 11pt; font-family: Calibri, sans-serif;\">\u00a0<\/span><\/p>\n<p class=\"MsoNormal\" style=\"text-align:justify\"><i><span style=\"font-size: 11pt; font-family: Calibri, sans-serif;\">Ver fotograf\u00edas en la galer\u00eda de im\u00e1genes.<o:p><\/o:p><\/span><\/i><\/p>\n<p class=\"MsoNormal\"><span style=\"font-size:11.0pt;font-family:\"Calibri\",\"sans-serif\";\nmso-ascii-theme-font:minor-latin;mso-hansi-theme-font:minor-latin\">\u00a0<\/span><\/p>\n<p class=\"MsoNormal\"><span style=\"font-size:11.0pt;font-family:\"Calibri\",\"sans-serif\";\nmso-ascii-theme-font:minor-latin;mso-hansi-theme-font:minor-latin\">Lima, 19 de marzo de 2015<o:p><\/o:p><\/span><\/p>\n<p><a href=\"http:\/\/web.hilo.org.pe\/wp-content\/uploads\/ENP DDHH 10 principal.jpg\" target=\"_blank\" rel=\"noopener\">Ver archivo adjunto<\/a><\/p>\n","protected":false},"excerpt":{"rendered":"<p>A la luz del Evangelio y de la Doctrina Social de la Iglesia, despu?s de casi 10 a?os realizamos el Encuentro Nacional. Se busc?, con el Encuentro, articular los esfuerzos de las oficinas de derechos humanos que vienen llevando adelante la pastoral de derechos humanos en las diferentes jurisdicciones del Per?. Intentamos con el encuentro, responder al llamado del Papa Francisco y de los obispos reunidos en Aparecida, para quienes: ?La Iglesia est? llamada a ser una escuela permanente de verdad y justicia, de perd?n y reconciliaci?n para construir una paz aut?ntica? (N? 542).<\/p>\n","protected":false},"author":1,"featured_media":7862,"comment_status":"closed","ping_status":"closed","sticky":false,"template":"","format":"standard","meta":{"footnotes":""},"categories":[9],"tags":[],"class_list":["post-2250","post","type-post","status-publish","format-standard","has-post-thumbnail","hentry","category-noticias"],"_links":{"self":[{"href":"https:\/\/ceas.org.pe\/index.php\/wp-json\/wp\/v2\/posts\/2250","targetHints":{"allow":["GET"]}}],"collection":[{"href":"https:\/\/ceas.org.pe\/index.php\/wp-json\/wp\/v2\/posts"}],"about":[{"href":"https:\/\/ceas.org.pe\/index.php\/wp-json\/wp\/v2\/types\/post"}],"author":[{"embeddable":true,"href":"https:\/\/ceas.org.pe\/index.php\/wp-json\/wp\/v2\/users\/1"}],"replies":[{"embeddable":true,"href":"https:\/\/ceas.org.pe\/index.php\/wp-json\/wp\/v2\/comments?post=2250"}],"version-history":[{"count":1,"href":"https:\/\/ceas.org.pe\/index.php\/wp-json\/wp\/v2\/posts\/2250\/revisions"}],"predecessor-version":[{"id":6968,"href":"https:\/\/ceas.org.pe\/index.php\/wp-json\/wp\/v2\/posts\/2250\/revisions\/6968"}],"wp:featuredmedia":[{"embeddable":true,"href":"https:\/\/ceas.org.pe\/index.php\/wp-json\/wp\/v2\/media\/7862"}],"wp:attachment":[{"href":"https:\/\/ceas.org.pe\/index.php\/wp-json\/wp\/v2\/media?parent=2250"}],"wp:term":[{"taxonomy":"category","embeddable":true,"href":"https:\/\/ceas.org.pe\/index.php\/wp-json\/wp\/v2\/categories?post=2250"},{"taxonomy":"post_tag","embeddable":true,"href":"https:\/\/ceas.org.pe\/index.php\/wp-json\/wp\/v2\/tags?post=2250"}],"curies":[{"name":"wp","href":"https:\/\/api.w.org\/{rel}","templated":true}]}}