{"id":2245,"date":"2015-03-17T12:53:58","date_gmt":"2015-03-17T12:53:58","guid":{"rendered":""},"modified":"2026-03-11T09:12:15","modified_gmt":"2026-03-11T14:12:15","slug":"ministerio-de-la-mujer-anuncia-mejores-servicios-en-las-regiones-del-paos","status":"publish","type":"post","link":"https:\/\/ceas.org.pe\/index.php\/2015\/03\/17\/ministerio-de-la-mujer-anuncia-mejores-servicios-en-las-regiones-del-paos\/","title":{"rendered":"Ministerio de la Mujer anuncia mejores servicios en las regiones del pa\u00f3s"},"content":{"rendered":"<p>La ministra de la Mujer y Poblaciones Vulnerables (MIMP), Marcela Huaita Alegre, inform\u00f3 ante la Comisi\u00f3n de la Mujer y Familia del Congreso de la Rep\u00fablica, el plan de trabajo de su sector para el presente a\u00f1o. Se\u00f1al\u00f3 que su gesti\u00f3n honrar\u00e1 el compromiso del gobierno de crear un Centro Emergencia Mujer para las v\u00edctimas de violencia familiar y sexual, en cada provincia del pa\u00eds.<\/p>\n<div>\u00a0<\/div>\n<div>La titular del MIMP, explic\u00f3 las metas trazadas por cada programa de su sector. En materia de mujer dijo que se fortalecer\u00e1 la inclusi\u00f3n del enfoque de g\u00e9nero en distintas instancias del Estado, que permitan tomar en cuenta la problem\u00e1tica de la mujer en la formulaci\u00f3n de las metas de diversos programas y planes de acci\u00f3n nacional.<\/div>\n<div>\u00a0<\/div>\n<div>Anunci\u00f3 la pr\u00f3xima creaci\u00f3n de la Direcci\u00f3n de Promoci\u00f3n y Desarrollo de la Autonom\u00eda Econ\u00f3mica de la Mujer, que permitir\u00e1 un trabajo m\u00e1s articulado para la promoci\u00f3n y el desarrollo de los derechos econ\u00f3micos de este sector de la poblaci\u00f3n.<\/div>\n<div>\u00a0<\/div>\n<div>Ante los integrantes de la comisi\u00f3n parlamentaria, expres\u00f3 que se desarrollar\u00e1 una estrategia de sensibilizaci\u00f3n para la aprobaci\u00f3n de normas para promoci\u00f3n de la participaci\u00f3n pol\u00edtica de la mujer, que pasa por la aprobaci\u00f3n de la alternancia de g\u00e9nero y la ley contra el acoso pol\u00edtico, entre otras, por parte del Congreso de la Rep\u00fablica.<\/div>\n<div>\u00a0<\/div>\n<div>De otro lado, inform\u00f3 que desde la Direcci\u00f3n General de Adopciones, se promover\u00e1 que 220 ni\u00f1os, ni\u00f1as y adolescentes sean integrados a una familia a trav\u00e9s de la adopci\u00f3n.<\/div>\n<div>\u00a0<\/div>\n<div>Como parte de la descentralizaci\u00f3n de sus servicios, el MIMP crear\u00e1 dos nuevas Unidades de Investigaci\u00f3n Tutelar en Piura y Madre de Dios; y se ampliar\u00e1 los servicios en Lima y Callao.<\/div>\n<div>\u00a0<\/div>\n<div>El programa Yachay atender\u00e1 a seis mil 030 menores de edad en situaci\u00f3n de calle y a m\u00e1s de dos mil familias.<\/div>\n<div>\u00a0<\/div>\n<div>Tambi\u00e9n se implementar\u00e1n tres albergues especializados en v\u00edctimas de trata para 100 adolescentes.<\/div>\n<div>\u00a0<\/div>\n<div>Por otro lado, este a\u00f1o las regiones de Loreto, Jun\u00edn y Lima, contar\u00e1n con tres Centros de Atenci\u00f3n Residencial \u201cVidas\u201d, que beneficiar\u00e1 a 100 mujeres embarazadas y a sus hijos en situaci\u00f3n de riesgo, brind\u00e1ndoles protecci\u00f3n integral que incluye albergue, alimentaci\u00f3n, cuidados m\u00e9dicos y psicol\u00f3gicos, entre otros servicios.<\/div>\n<div>\u00a0<\/div>\n<div>Asimismo, este a\u00f1o se contar\u00e1 con una propuesta de incentivos municipales que permitir\u00e1 impulsar la creaci\u00f3n de Centros Integrales de Atenci\u00f3n a Personas Adultos Mayores &#8211; CIAM en los gobiernos locales. Esto es muy importante dado que menos del 15% de distritos cuentan con un CIAM.<\/div>\n<div>\u00a0<\/div>\n<div>El presupuesto del MIMP para este a\u00f1o es S\/. 359, 324 millones de soles, que representa un incremento en 3% en comparaci\u00f3n con el presupuesto del a\u00f1o 2014. A lo largo del actual gobierno, el presupuesto de este sector ha ido incrementando en concordancia con el compromiso con las personas m\u00e1s vulnerables, principalmente para ampliar la cobertura de sus servicios.<\/div>\n<div>\u00a0<\/div>\n<div><strong>LEY DE PROCEDIMIENTO DE ADOPCIONES<\/strong><\/div>\n<div>\u00a0<\/div>\n<div>En relaci\u00f3n al pre dictamen referente a la Ley de Procedimiento de adopci\u00f3n de ni\u00f1os, ni\u00f1as y adolescentes en estado de adoptabilidad, la titular del MIMP, Marcela Huaita, destac\u00f3 que esta propuesta reconoce a los menores como sujetos de derecho, as\u00ed como la importancia de darle una familia a un ni\u00f1o.<\/div>\n<div>\u00a0<\/div>\n<div>Asimismo, resalt\u00f3 que la propuesta promueve la adopci\u00f3n con prioridad de ni\u00f1as o ni\u00f1os de nueve a\u00f1os o m\u00e1s y adolescentes; grupos de hermanos; ni\u00f1os y ni\u00f1as con necesidades especiales y ni\u00f1os, ni\u00f1as y adolescentes con problemas de salud.<\/div>\n<div>\u00a0<\/div>\n<div>Adem\u00e1s, salud\u00f3 la incorporaci\u00f3n de criterios que permiten que los menores puedan ser adoptados preferentemente por familias de entornos cercanos en t\u00e9rminos territoriales y de nacionalidad, garantizando el respeto a su identidad cultural.<\/div>\n<div>\u00a0<\/div>\n<div>Lima, 16 de marzo de 2015<\/div>\n<div>\u00a0<\/div>\n<div>Fuente:\u00a0mimp.gob.pe<\/div>\n<p><a href=\"http:\/\/web.hilo.org.pe\/wp-content\/uploads\/poblaciones.jpg\" target=\"_blank\" rel=\"noopener\">Ver archivo adjunto<\/a><\/p>\n","protected":false},"excerpt":{"rendered":"<p>La ministra de la Mujer y Poblaciones Vulnerables (MIMP), Marcela Huaita Alegre, inform? ante la Comisi?n de la Mujer y Familia del Congreso de la Rep?blica, el plan de trabajo de su sector para el presente a?o. Se?al? que su gesti?n honrar? el compromiso del gobierno de crear un Centro Emergencia Mujer para las v?ctimas de violencia familiar y sexual, en cada provincia del pa?s.<\/p>\n","protected":false},"author":1,"featured_media":8001,"comment_status":"closed","ping_status":"closed","sticky":false,"template":"","format":"standard","meta":{"footnotes":""},"categories":[9],"tags":[],"class_list":["post-2245","post","type-post","status-publish","format-standard","has-post-thumbnail","hentry","category-noticias"],"_links":{"self":[{"href":"https:\/\/ceas.org.pe\/index.php\/wp-json\/wp\/v2\/posts\/2245","targetHints":{"allow":["GET"]}}],"collection":[{"href":"https:\/\/ceas.org.pe\/index.php\/wp-json\/wp\/v2\/posts"}],"about":[{"href":"https:\/\/ceas.org.pe\/index.php\/wp-json\/wp\/v2\/types\/post"}],"author":[{"embeddable":true,"href":"https:\/\/ceas.org.pe\/index.php\/wp-json\/wp\/v2\/users\/1"}],"replies":[{"embeddable":true,"href":"https:\/\/ceas.org.pe\/index.php\/wp-json\/wp\/v2\/comments?post=2245"}],"version-history":[{"count":1,"href":"https:\/\/ceas.org.pe\/index.php\/wp-json\/wp\/v2\/posts\/2245\/revisions"}],"predecessor-version":[{"id":6973,"href":"https:\/\/ceas.org.pe\/index.php\/wp-json\/wp\/v2\/posts\/2245\/revisions\/6973"}],"wp:featuredmedia":[{"embeddable":true,"href":"https:\/\/ceas.org.pe\/index.php\/wp-json\/wp\/v2\/media\/8001"}],"wp:attachment":[{"href":"https:\/\/ceas.org.pe\/index.php\/wp-json\/wp\/v2\/media?parent=2245"}],"wp:term":[{"taxonomy":"category","embeddable":true,"href":"https:\/\/ceas.org.pe\/index.php\/wp-json\/wp\/v2\/categories?post=2245"},{"taxonomy":"post_tag","embeddable":true,"href":"https:\/\/ceas.org.pe\/index.php\/wp-json\/wp\/v2\/tags?post=2245"}],"curies":[{"name":"wp","href":"https:\/\/api.w.org\/{rel}","templated":true}]}}