{"id":2244,"date":"2015-03-17T12:51:21","date_gmt":"2015-03-17T12:51:21","guid":{"rendered":""},"modified":"2026-03-11T09:12:15","modified_gmt":"2026-03-11T14:12:15","slug":"directivos-del-celam-2011-2014-presentaron-oltimo-informe","status":"publish","type":"post","link":"https:\/\/ceas.org.pe\/index.php\/2015\/03\/17\/directivos-del-celam-2011-2014-presentaron-oltimo-informe\/","title":{"rendered":"Directivos del CELAM 2011-2014 presentaron \u00f3ltimo informe"},"content":{"rendered":"<p>Del 9 al 10 de marzo de 2015, se llev\u00f3 a cabo en Bogot\u00e1 la cuarta y \u00faltima reuni\u00f3n de Directivos del cuatrienio 2011 \u2013 2015 de CELAM. De acuerdo con monse\u00f1or Carlos Aguiar Retes, arzobispo de Tlalnepantla (M\u00e9xico) y presidente del CELAM, dicho encuentro, que cont\u00f3 con la participaci\u00f3n de los secretarios ejecutivos de cada uno de los departamentos del CELAM, tuvo como finalidad \u201ccompartir, interiorizar y valorar la forma como hemos asumido esta responsabilidad que se nos encarg\u00f3 (\u2026) y preparar los informes para el siguiente cuatrienio\u201d.<\/p>\n<div>\u00a0<\/div>\n<div>Justamente, a modo de balance, monse\u00f1or Aguiar destac\u00f3 que \u201cel sello caracter\u00edstico del Cuatrienio 2011 al 2015, ha sido la centralidad de Jesucristo en cuanto fuente de comuni\u00f3n misionera y de vida plena. Se trata de un cambio de mentalidad que involucra la conversi\u00f3n pastoral, la profundidad teol\u00f3gica y un estilo creativo de anunciar a Jes\u00fas\u201d, que se refleja en la conformaci\u00f3n y en los procesos impulsados por un \u201cequipo de trabajo\u201d y no solo por un \u201ctrabajo en equipo\u201d.<\/div>\n<div>\u00a0<\/div>\n<div>En efecto, durante el cuatrienio 2011 \u2013 2015, \u201cen todo encuentro del CELAM se ha asumido los cuatro ejes que forman al disc\u00edpulo misionero y que Aparecida se\u00f1ala con claridad: el encuentro personal y comunitario con Jesucristo; una fuerte vivencia comunitaria; una pertinente iluminaci\u00f3n b\u00edblico-teol\u00f3gica y pastoral; y el compromiso misionero\u201d. Todo esto, siguiendo la metodolog\u00eda de Aparecida: compartir la vida y la fe centrados en la Palabra; ver con los ojos del Padre la realidad; juzgar-iluminar desde la fuerza transformadora del Resucitado; y actuar en comuni\u00f3n con la Iglesia, llevando adelante las mociones del Esp\u00edritu. Claro est\u00e1, \u201cla figura del papa Francisco con sus gestos y ense\u00f1anzas, especialmente el mensaje de la EvangeliiGaudium, ha inspirado en estos dos \u00faltimos a\u00f1os el caminar del CELAM\u201d.<\/div>\n<div>\u00a0<\/div>\n<div>Asimismo, en las palabras que dirigi\u00f3 a los directivos y secretarios ejecutivos, monse\u00f1or Aguiar profundiz\u00f3 en tres acontecimientos que marcaron las sendas recorridas por el CELAM durante el \u00faltimo a\u00f1o y que definen su itinerario hacia la Asamblea Electiva que tendr\u00e1 lugar del 12 al 15 de mayo, en Santo Domingo (Rep\u00fablica Dominicana): la visita de la Presidencia del CELAM al Santo Padre Francisco, en mayo de 2014; el reconocimiento del martirio de monse\u00f1or Romero, el pasado 3 de febrero; y la creaci\u00f3n de 5 nuevos cardenales latinoamericanos, el 14 de febrero de 2015.<\/div>\n<div>\u00a0<\/div>\n<div>***Es posible acceder a las palabras que monse\u00f1or Carlos Aguiar Retes dirigi\u00f3 a los directivos y secretarios ejecutivos del CELAM, al final de esta nota.***<\/div>\n<div>\u00a0<\/div>\n<div>\u00a0\u00d3SCAR ELIZALDE PRADA<\/div>\n<div>\u00a0<\/div>\n<div>Documentos: \u00b7 <a href=\"http:\/\/www.celam.org\/noticelam\/Images\/img_noticias\/doc155024bcbed3b3_12032015_830pm.pdf\" target=\"_blank\">Palabras de Monse\u00f1or Aguiar |\u00a0<\/a><\/div>\n<div>\u00a0<\/div>\n<div>Fuente: celam.org<\/div>\n<p><a href=\"http:\/\/web.hilo.org.pe\/wp-content\/uploads\/cuatrienio.JPG\" target=\"_blank\" rel=\"noopener\">Ver archivo adjunto<\/a><\/p>\n","protected":false},"excerpt":{"rendered":"<p>Del 9 al 10 de marzo de 2015, se llev? a cabo en Bogot? la cuarta y ?ltima reuni?n de Directivos del cuatrienio 2011 ? 2015 de CELAM. De acuerdo con monse?or Carlos Aguiar Retes, arzobispo de Tlalnepantla (M?xico) y presidente del CELAM, dicho encuentro, que cont? con la participaci?n de los secretarios ejecutivos de cada uno de los departamentos del CELAM, tuvo como finalidad ?compartir, interiorizar y valorar la forma como hemos asumido esta responsabilidad que se nos encarg? (?) y preparar los informes para el siguiente cuatrienio?.<\/p>\n","protected":false},"author":1,"featured_media":7872,"comment_status":"closed","ping_status":"closed","sticky":false,"template":"","format":"standard","meta":{"footnotes":""},"categories":[9],"tags":[],"class_list":["post-2244","post","type-post","status-publish","format-standard","has-post-thumbnail","hentry","category-noticias"],"_links":{"self":[{"href":"https:\/\/ceas.org.pe\/index.php\/wp-json\/wp\/v2\/posts\/2244","targetHints":{"allow":["GET"]}}],"collection":[{"href":"https:\/\/ceas.org.pe\/index.php\/wp-json\/wp\/v2\/posts"}],"about":[{"href":"https:\/\/ceas.org.pe\/index.php\/wp-json\/wp\/v2\/types\/post"}],"author":[{"embeddable":true,"href":"https:\/\/ceas.org.pe\/index.php\/wp-json\/wp\/v2\/users\/1"}],"replies":[{"embeddable":true,"href":"https:\/\/ceas.org.pe\/index.php\/wp-json\/wp\/v2\/comments?post=2244"}],"version-history":[{"count":1,"href":"https:\/\/ceas.org.pe\/index.php\/wp-json\/wp\/v2\/posts\/2244\/revisions"}],"predecessor-version":[{"id":6974,"href":"https:\/\/ceas.org.pe\/index.php\/wp-json\/wp\/v2\/posts\/2244\/revisions\/6974"}],"wp:featuredmedia":[{"embeddable":true,"href":"https:\/\/ceas.org.pe\/index.php\/wp-json\/wp\/v2\/media\/7872"}],"wp:attachment":[{"href":"https:\/\/ceas.org.pe\/index.php\/wp-json\/wp\/v2\/media?parent=2244"}],"wp:term":[{"taxonomy":"category","embeddable":true,"href":"https:\/\/ceas.org.pe\/index.php\/wp-json\/wp\/v2\/categories?post=2244"},{"taxonomy":"post_tag","embeddable":true,"href":"https:\/\/ceas.org.pe\/index.php\/wp-json\/wp\/v2\/tags?post=2244"}],"curies":[{"name":"wp","href":"https:\/\/api.w.org\/{rel}","templated":true}]}}