{"id":2242,"date":"2015-03-16T12:21:04","date_gmt":"2015-03-16T12:21:04","guid":{"rendered":""},"modified":"2026-03-11T09:12:15","modified_gmt":"2026-03-11T14:12:15","slug":"callao-xiii-asamblea-pastoral-diocesana","status":"publish","type":"post","link":"https:\/\/ceas.org.pe\/index.php\/2015\/03\/16\/callao-xiii-asamblea-pastoral-diocesana\/","title":{"rendered":"Callao: XIII Asamblea Pastoral Diocesana"},"content":{"rendered":"<p>Bajo el lema: \u201cFamilia, escuela de humanidad\u201d, la Di\u00f3cesis del Callao llevar\u00e1 a cabo la XIII Asamblea Pastoral Diocesana, del 16 al 19 de marzo, en las instalaciones del Coliseo del Colegio San Jos\u00e9 Hermanos Maristas, de 6:30 a 9:00 p.m.<\/p>\n<p>En esta cita participar\u00e1n representantes de parroquias, movimientos, carismas, nuevas realidades y hermandades. Asimismo, se contar\u00e1 con la presencia de sacerdotes y miembros de las comunidades religiosas. Este importante encuentro ser\u00e1 presidido por el Obispo del Callao, Monse\u00f1or Jos\u00e9 Luis del Palacio y servir\u00e1 para definir los lineamientos pastorales para el presente a\u00f1o.\u00a0<\/p>\n<div>Cabe se\u00f1alar que, siguiendo los pasos del Papa Francisco, est\u00e1 asamblea profundizar\u00e1 las nuevas exigencias de la Iglesia de hoy, abordando sus principales necesidades, que se resumen en una iglesia m\u00e1s cercana, m\u00e1s fraterna y solidaria que anuncie el evangelio con nuevo ardor, en especial revalorar la familia, reflexionando acerca de la situaci\u00f3n que viene atravesando y los retos que debemos asumir como miembros de una iglesia en comuni\u00f3n.<\/div>\n<div>\u00a0<\/div>\n<div>Habr\u00e1 ponencias y trabajos grupales, as\u00ed como momentos de oraci\u00f3n y reflexi\u00f3n. El \u00faltimo d\u00eda de la asamblea se expondr\u00e1 las conclusiones y se celebrar\u00e1 una Eucarist\u00eda de clausura.<\/div>\n<p><a href=\"http:\/\/web.hilo.org.pe\/wp-content\/uploads\/logo diocesis del callao.png\" target=\"_blank\" rel=\"noopener\">Ver archivo adjunto<\/a><\/p>\n","protected":false},"excerpt":{"rendered":"<p>Bajo el lema: ?Familia, escuela de humanidad?, la Di?cesis del Callao llevar? a cabo la XIII Asamblea Pastoral Diocesana, del 16 al 19 de marzo, en las instalaciones del Coliseo del Colegio San Jos? Hermanos Maristas, de 6:30 a 9:00 p.m.<\/p>\n","protected":false},"author":1,"featured_media":1232,"comment_status":"closed","ping_status":"closed","sticky":false,"template":"","format":"standard","meta":{"footnotes":""},"categories":[9],"tags":[],"class_list":["post-2242","post","type-post","status-publish","format-standard","has-post-thumbnail","hentry","category-noticias"],"_links":{"self":[{"href":"https:\/\/ceas.org.pe\/index.php\/wp-json\/wp\/v2\/posts\/2242","targetHints":{"allow":["GET"]}}],"collection":[{"href":"https:\/\/ceas.org.pe\/index.php\/wp-json\/wp\/v2\/posts"}],"about":[{"href":"https:\/\/ceas.org.pe\/index.php\/wp-json\/wp\/v2\/types\/post"}],"author":[{"embeddable":true,"href":"https:\/\/ceas.org.pe\/index.php\/wp-json\/wp\/v2\/users\/1"}],"replies":[{"embeddable":true,"href":"https:\/\/ceas.org.pe\/index.php\/wp-json\/wp\/v2\/comments?post=2242"}],"version-history":[{"count":1,"href":"https:\/\/ceas.org.pe\/index.php\/wp-json\/wp\/v2\/posts\/2242\/revisions"}],"predecessor-version":[{"id":6976,"href":"https:\/\/ceas.org.pe\/index.php\/wp-json\/wp\/v2\/posts\/2242\/revisions\/6976"}],"wp:featuredmedia":[{"embeddable":true,"href":"https:\/\/ceas.org.pe\/index.php\/wp-json\/wp\/v2\/media\/1232"}],"wp:attachment":[{"href":"https:\/\/ceas.org.pe\/index.php\/wp-json\/wp\/v2\/media?parent=2242"}],"wp:term":[{"taxonomy":"category","embeddable":true,"href":"https:\/\/ceas.org.pe\/index.php\/wp-json\/wp\/v2\/categories?post=2242"},{"taxonomy":"post_tag","embeddable":true,"href":"https:\/\/ceas.org.pe\/index.php\/wp-json\/wp\/v2\/tags?post=2242"}],"curies":[{"name":"wp","href":"https:\/\/api.w.org\/{rel}","templated":true}]}}