{"id":2239,"date":"2015-03-13T13:39:33","date_gmt":"2015-03-13T13:39:33","guid":{"rendered":""},"modified":"2026-03-11T09:12:15","modified_gmt":"2026-03-11T14:12:15","slug":"por-los-50-aoos-de-la-comision-episcopal-de-accion-social-ceas-hoy-concluye-la-xii-semana-social-na","status":"publish","type":"post","link":"https:\/\/ceas.org.pe\/index.php\/2015\/03\/13\/por-los-50-aoos-de-la-comision-episcopal-de-accion-social-ceas-hoy-concluye-la-xii-semana-social-na\/","title":{"rendered":"POR LOS 50 A\u00f3OS DE LA COMISION EPISCOPAL DE ACCION SOCIAL, CEAS HOY CONCLUYE LA XII SEMANA SOCIAL NA"},"content":{"rendered":"<p>\u00a0<b style=\"text-align: center;\">POR LOS 50 A\u00d1OS DE LA COMISION EPISCOPAL DE ACCION SOCIAL, CEAS<\/b><\/p>\n<p class=\"MsoNormal\" align=\"center\" style=\"margin-bottom: 0.0001pt; text-align: center;\"><b>HOY CONCLUYE <\/b><b>LA XII SEMANA SOCIAL NACIONAL<o:p><\/o:p><\/b><\/p>\n<p class=\"MsoNormal\" align=\"center\" style=\"margin-bottom: 0.0001pt; text-align: center;\"><b>\u00a0<\/b><\/p>\n<p class=\"MsoNormal\" align=\"center\" style=\"text-align:center\"><b>(Nota de prensa)<o:p><\/o:p><\/b><\/p>\n<p class=\"MsoNormal\" style=\"text-align:justify\">Hoy, en el auditorio del Colegio de Jes\u00fas, ubicado en la cuadra 24 de la Avenida Brasil en Pueblo Libre, Lima, concluye la XII Semana Social Nacional, organizada con motivo de los 50 a\u00f1os de la Comisi\u00f3n Episcopal de Acci\u00f3n Social, CEAS.<\/p>\n<p class=\"MsoNormal\" style=\"text-align:justify\">El expositor principal, ser\u00e1 el Dr. Carlos Ferr\u00e9, representante de la Red latinoamericana de Pensamiento Social de la Iglesia, quien\u00a0 viene desde Argentina, y lo acompa\u00f1ar\u00e1n como panelistas, la Dra. Marisol P\u00e9rez Tello, congresista de la rep\u00fablica \u00a0(sector de la pol\u00edtica), la Sra. Dina Ananco, dirigente juvenil awaj\u00fan (sector social). Tambi\u00e9n participar\u00e1 el Dr. Riccardo Moro, Profesor de la Universidad de Mil\u00e1n, Co-Director del Fondo Italo-Peruano.<\/p>\n<p class=\"MsoNormal\" style=\"text-align:justify\">A la Semana Social le han antecedido \u00a0encuentros nacionales de: Pastoral de Derechos Humanos, Pastoral de C\u00e1rceles y Pastoral del Cuidado de los bienes de la creaci\u00f3n, entre todas hacen un total de 140 delegados, de unas 40 jurisdicciones eclesi\u00e1sticas del Per\u00fa.<\/p>\n<p class=\"MsoNormal\" style=\"text-align:justify\">Ayer, el tema trabajado fue: Di\u00e1logo para la Construcci\u00f3n de Paz, donde particip\u00f3 el Dr. Riccardo Canelli, de Sant\u00b4Egidio, instituci\u00f3n de Iglesia, fundada por laicos cat\u00f3licos en Roma en los a\u00f1os 50.\u00a0 En su presentaci\u00f3n, destac\u00f3 una tarea delicada y compleja: el reto de c\u00f3mo construir un clima de Paz en medio de la guerra, <i>desde las periferias<\/i>. <o:p><\/o:p><\/p>\n<p class=\"MsoNormal\" style=\"text-align:justify\">El Dr. Javier Igu\u00ed\u00f1iz, Secretario T\u00e9cnico del Acuerdo Nacional, plante\u00f3 la creatividad en la b\u00fasqueda de <i>resolver conflictos, con vocaci\u00f3n, m\u00edstica<\/i>. Llam\u00f3 la atenci\u00f3n de c\u00f3mo podemos cohesionarnos como peruanos desde la opci\u00f3n preferencial por los pobres, opci\u00f3n de la Iglesia universal.\u00a0 El Ingeniero Julio C\u00e9sar Baz\u00e1n, representante de la CUT, plante\u00f3 desde el mundo del trabajo, la importancia de contar con nuevas estrategias para la construcci\u00f3n de la <i>paz con justicia e inclusi\u00f3n<\/i>. <o:p><\/o:p><\/p>\n<p class=\"MsoNormal\" style=\"text-align:justify\">El Ing. Juan Inch\u00e1ustegui, empresario y pol\u00edtico, desde su experiencia en los distintos \u00e1mbitos de intervenci\u00f3n, demand\u00f3 la importancia del <i>di\u00e1logo inter-cultural<\/i>. En ello el tema de la <i>gesti\u00f3n adecuada de los recursos naturales<\/i> del pa\u00eds es a la vez una oportunidad y un desaf\u00edo, manifest\u00f3.<o:p><\/o:p><\/p>\n<p class=\"MsoNormal\" style=\"text-align:justify\">El primer d\u00eda el tema fue la Inclusi\u00f3n social en el mundo de hoy. La primera ponencia estuvo a cargo del P. Paulo Cesar Barajas, del Pontificio Consejo Justicia y Paz de Roma, quien nos explic\u00f3\u00a0 que en la Doctrina Social de la Iglesia, el concepto que se ha trabajado es el de la exclusi\u00f3n social, como situaciones de verdaderas calamidades que oprimen a las comunidades. Vencer la exclusi\u00f3n implica una justa distribuci\u00f3n de la riqueza, procesos de justicia y caridad, que cuestionen las estructuras de pecado existentes en la sociedad.<o:p><\/o:p><\/p>\n<p class=\"MsoNormal\" style=\"text-align:justify\">La Dra. Marisol Espinoza, desde su experiencia como Vice-Presidente de la Rep\u00fablica expres\u00f3 su preocupaci\u00f3n de c\u00f3mo reacciona la pol\u00edtica ante la elaboraci\u00f3n de leyes que implican lo econ\u00f3mico y pareciera que la persona pasa a un segundo plano. La econom\u00eda debe ayudar al desarrollo de las personas. Hay que combatir la trata de personas, donde ni\u00f1os y ni\u00f1as son sometidos. Resalt\u00f3 la labor de la Iglesia en la defensa de los pueblos ind\u00edgenas y comunidades que sufren de la exclusi\u00f3n y especialmente las mujeres que siguen \u201cpagando\u201d la factura de la marginaci\u00f3n. Los desaf\u00edos por delante son la alfabetizaci\u00f3n, la seguridad de la alimentaci\u00f3n, el agua potable, un mundo y un pa\u00eds m\u00e1s solidario. Resalt\u00f3 el rol de una Iglesia viva.<o:p><\/o:p><\/p>\n<p class=\"MsoNormal\" style=\"text-align:justify\">La Hna, Mar\u00eda Van der Linde, Misionera del Sagrado Coraz\u00f3n, natural de Alemania, pero con m\u00e1s de 40 a\u00f1os en el Perr\u00fa y 50 de vida religiosa, brind\u00f3 un testimonio vibrante de acompa\u00f1amiento a las mujeres de sectores populares al enfrentar la exclusi\u00f3n. La participaci\u00f3n de las mujeres en la vida social desde el surgimiento y ampliaci\u00f3n de la red de comedores autogestionarios, brinda un testimonio de acompa\u00f1amiento de la Iglesia. Un proceso similar con los enfermos de TB que se organizan en defensa de sus derechos. Hay que seguir buscando alternativas hacia el bien com\u00fan, se\u00f1al\u00f3.<o:p><\/o:p><\/p>\n<p class=\"MsoNormal\" style=\"margin-bottom: 0.0001pt; text-align: justify;\">Mayor informaci\u00f3n en nuestra web: <a href=\"http:\/\/www.ceas.org.pe\/\"><span style=\"mso-bidi-font-family:Calibri;color:black;text-decoration:none;\ntext-underline:none\">www.ceas.org.pe<\/span><\/a> y face institucional <a href=\"http:\/\/www.facebook.com\/ceasperu\"><span style=\"mso-bidi-font-family:Calibri;\ncolor:black;text-decoration:none;text-underline:none\">www.facebook.com\/ceasperu<\/span><\/a><i><o:p><\/o:p><\/i><\/p>\n<p class=\"MsoNormal\" style=\"text-align:justify\"><o:p>\u00a0<\/o:p><\/p>\n<p class=\"MsoNormal\" style=\"text-align:justify\">Agradecemos su difusi\u00f3n<o:p><\/o:p><\/p>\n<p class=\"MsoNormal\" style=\"text-align:justify\">Lima, 13 de marzo de 2015<o:p><\/o:p><\/p>\n<p><a href=\"http:\/\/web.hilo.org.pe\/wp-content\/uploads\/PRINCIPAL NOCHE 1.jpg\" target=\"_blank\" rel=\"noopener\">Ver archivo adjunto<\/a><\/p>\n","protected":false},"excerpt":{"rendered":"<p>POR LOS 50 A?OS DE LA COMISION EPISCOPAL DE ACCION SOCIAL, CEAS<br \/>\nHOY CONCLUYE LA XII SEMANA SOCIAL NACIONAL<\/p>\n<p>(Nota de prensa)<\/p>\n<p>Hoy, en el auditorio del Colegio de Jes?s, ubicado en la cuadra 24 de la Avenida Brasil en Pueblo Libre, Lima, concluye la XII Semana Social Nacional, organizada con motivo de los 50 a?os de la Comisi?n Episcopal de Acci?n Social, CEAS.<\/p>\n","protected":false},"author":1,"featured_media":7992,"comment_status":"closed","ping_status":"closed","sticky":false,"template":"","format":"standard","meta":{"footnotes":""},"categories":[9],"tags":[],"class_list":["post-2239","post","type-post","status-publish","format-standard","has-post-thumbnail","hentry","category-noticias"],"_links":{"self":[{"href":"https:\/\/ceas.org.pe\/index.php\/wp-json\/wp\/v2\/posts\/2239","targetHints":{"allow":["GET"]}}],"collection":[{"href":"https:\/\/ceas.org.pe\/index.php\/wp-json\/wp\/v2\/posts"}],"about":[{"href":"https:\/\/ceas.org.pe\/index.php\/wp-json\/wp\/v2\/types\/post"}],"author":[{"embeddable":true,"href":"https:\/\/ceas.org.pe\/index.php\/wp-json\/wp\/v2\/users\/1"}],"replies":[{"embeddable":true,"href":"https:\/\/ceas.org.pe\/index.php\/wp-json\/wp\/v2\/comments?post=2239"}],"version-history":[{"count":1,"href":"https:\/\/ceas.org.pe\/index.php\/wp-json\/wp\/v2\/posts\/2239\/revisions"}],"predecessor-version":[{"id":6979,"href":"https:\/\/ceas.org.pe\/index.php\/wp-json\/wp\/v2\/posts\/2239\/revisions\/6979"}],"wp:featuredmedia":[{"embeddable":true,"href":"https:\/\/ceas.org.pe\/index.php\/wp-json\/wp\/v2\/media\/7992"}],"wp:attachment":[{"href":"https:\/\/ceas.org.pe\/index.php\/wp-json\/wp\/v2\/media?parent=2239"}],"wp:term":[{"taxonomy":"category","embeddable":true,"href":"https:\/\/ceas.org.pe\/index.php\/wp-json\/wp\/v2\/categories?post=2239"},{"taxonomy":"post_tag","embeddable":true,"href":"https:\/\/ceas.org.pe\/index.php\/wp-json\/wp\/v2\/tags?post=2239"}],"curies":[{"name":"wp","href":"https:\/\/api.w.org\/{rel}","templated":true}]}}