{"id":2238,"date":"2015-03-12T16:04:29","date_gmt":"2015-03-12T16:04:29","guid":{"rendered":""},"modified":"2026-03-11T09:12:15","modified_gmt":"2026-03-11T14:12:15","slug":"eucaristoa-de-accion-de-gracias-por-el-50-aniversario-de-ceas","status":"publish","type":"post","link":"https:\/\/ceas.org.pe\/index.php\/2015\/03\/12\/eucaristoa-de-accion-de-gracias-por-el-50-aniversario-de-ceas\/","title":{"rendered":"Eucarist\u00f3a de Acci\u00f3n de gracias por el 50 aniversario de CEAS"},"content":{"rendered":"<p>\u00a0<span style=\"font-size: 14pt; line-height: 115%; text-align: center;\">Se llev\u00f3 a cabo la Eucarist\u00eda de Acci\u00f3n de gracias por el 50 aniversario de CEAS en servicio a la Iglesia y al pueblo peruano<\/span><\/p>\n<p class=\"MsoNormal\" style=\"margin-bottom: 0.0001pt; text-align: justify;\">La Comisi\u00f3n Episcopal de Acci\u00f3n Social, CEAS, como ha sido conocida desde muchos a\u00f1os, cumpli\u00f3 ayer 11 de marzo, 50 a\u00f1os de trabajo continu\u00f3 en la defensa y promoci\u00f3n de los derechos humanos,\u00a0 acci\u00f3n que se fundamenta en el Evangelio de Jesucristo y en la Doctrina Social de la Iglesia. <o:p><\/o:p><\/p>\n<p class=\"MsoNormal\" style=\"margin-bottom: 0.0001pt; text-align: justify;\">Nuestro 50 aniversario lo celebramos\u00a0 con una Eucarist\u00eda central en la Capilla del Colegio de Jes\u00fas presidida por Monse\u00f1or Salvador Pi\u00f1eiro Garc\u00eda Calder\u00f3n, Arzobispo de Ayacucho y Presidente de la Conferencia Episcopal Peruana; concelebraron Monse\u00f1or H\u00e9ctor Vera Colona, Obispo de Ica y Presidente de CEAS, Monse\u00f1or Richard Alarc\u00f3n Urrutia, Arzobispo de Cusco, Presidente de C\u00e1ritas del Per\u00fa y Vice-Presidente de CEAS y Monse\u00f1or Luis Bambar\u00e9n Gastelumendi, Obispo Em\u00e9rito de Chimbote y ex-Presidente de CEAS. Los acompa\u00f1aron en la celebraci\u00f3n sacerdotes de las distintas jurisdicciones que vienen participando en los tres encuentros nacionales: de pastoral de c\u00e1rceles, pastoral de derechos humanos y pastoral del cuidado de los bienes de la creaci\u00f3n.<o:p><\/o:p><\/p>\n<p class=\"MsoNormal\" style=\"margin-bottom: 0.0001pt; text-align: justify;\">Contamos con la participaci\u00f3n de autoridades del Estado y con innumerables religiosas, religiosos, laicos<a name=\"_GoBack\"><\/a> y personas que nos acompa\u00f1an a los largo de estos a\u00f1os de servicio en el d\u00eda a d\u00eda.<o:p><\/o:p><\/p>\n<p class=\"MsoNormal\" style=\"margin-bottom: 0.0001pt; text-align: justify;\">Compartimos un video resumen y algunas im\u00e1genes fotogr\u00e1ficas en nuestra web: <a href=\"http:\/\/www.ceas.org.pe\/\"><span style=\"mso-bidi-font-family:\nCalibri;color:black;text-decoration:none;text-underline:none\">www.ceas.org.pe<\/span><\/a>\u00a0 y face institucional <a href=\"http:\/\/www.facebook.com\/ceasperu\"><span style=\"mso-bidi-font-family:Calibri;\ncolor:black;text-decoration:none;text-underline:none\">www.facebook.com\/ceasperu<\/span><\/a><o:p><\/o:p><\/p>\n<p><a href=\"http:\/\/web.hilo.org.pe\/wp-content\/uploads\/EUCARISTIA WEB.JPG\" target=\"_blank\" rel=\"noopener\">Ver archivo adjunto<\/a><\/p>\n","protected":false},"excerpt":{"rendered":"<p>La Comisi?n Episcopal de Acci?n Social, CEAS, como ha sido conocida desde muchos a?os, cumpli? ayer 11 de marzo, 50 a?os de trabajo continu? en la defensa y promoci?n de los derechos humanos,  acci?n que se fundamenta en el Evangelio de Jesucristo y en la Doctrina Social de la Iglesia. <\/p>\n<p>Nuestro 50 aniversario lo celebramos  con una Eucarist?a central en la Capilla del Colegio de Jes?s.<\/p>\n","protected":false},"author":1,"featured_media":7992,"comment_status":"closed","ping_status":"closed","sticky":false,"template":"","format":"standard","meta":{"footnotes":""},"categories":[9],"tags":[],"class_list":["post-2238","post","type-post","status-publish","format-standard","has-post-thumbnail","hentry","category-noticias"],"_links":{"self":[{"href":"https:\/\/ceas.org.pe\/index.php\/wp-json\/wp\/v2\/posts\/2238","targetHints":{"allow":["GET"]}}],"collection":[{"href":"https:\/\/ceas.org.pe\/index.php\/wp-json\/wp\/v2\/posts"}],"about":[{"href":"https:\/\/ceas.org.pe\/index.php\/wp-json\/wp\/v2\/types\/post"}],"author":[{"embeddable":true,"href":"https:\/\/ceas.org.pe\/index.php\/wp-json\/wp\/v2\/users\/1"}],"replies":[{"embeddable":true,"href":"https:\/\/ceas.org.pe\/index.php\/wp-json\/wp\/v2\/comments?post=2238"}],"version-history":[{"count":1,"href":"https:\/\/ceas.org.pe\/index.php\/wp-json\/wp\/v2\/posts\/2238\/revisions"}],"predecessor-version":[{"id":6980,"href":"https:\/\/ceas.org.pe\/index.php\/wp-json\/wp\/v2\/posts\/2238\/revisions\/6980"}],"wp:featuredmedia":[{"embeddable":true,"href":"https:\/\/ceas.org.pe\/index.php\/wp-json\/wp\/v2\/media\/7992"}],"wp:attachment":[{"href":"https:\/\/ceas.org.pe\/index.php\/wp-json\/wp\/v2\/media?parent=2238"}],"wp:term":[{"taxonomy":"category","embeddable":true,"href":"https:\/\/ceas.org.pe\/index.php\/wp-json\/wp\/v2\/categories?post=2238"},{"taxonomy":"post_tag","embeddable":true,"href":"https:\/\/ceas.org.pe\/index.php\/wp-json\/wp\/v2\/tags?post=2238"}],"curies":[{"name":"wp","href":"https:\/\/api.w.org\/{rel}","templated":true}]}}