{"id":2237,"date":"2015-03-12T13:21:14","date_gmt":"2015-03-12T13:21:14","guid":{"rendered":""},"modified":"2026-03-11T09:12:15","modified_gmt":"2026-03-11T14:12:15","slug":"xviii-encuentro-latinoamericano-de-pastoral-juvenil","status":"publish","type":"post","link":"https:\/\/ceas.org.pe\/index.php\/2015\/03\/12\/xviii-encuentro-latinoamericano-de-pastoral-juvenil\/","title":{"rendered":"XVIII Encuentro Latinoamericano de Pastoral Juvenil"},"content":{"rendered":"<div>\n<div><strong>Curazao del 15 al 20 de Marzo de 2015<\/strong><\/div>\n<div>\u00a0<\/div>\n<div>LEMA: \u201cAcu\u00e9rdate del camino que el Se\u00f1or tu Dios te ha hecho recorrer\u2026\u201d Dt 8, 2<\/div>\n<div>\u00a0<\/div>\n<div><strong>TEMA:<\/strong> \u201cRevitalizando y valorando la realidad cambiante y din\u00e1mica de la Pastoral Juvenil Latinoamericana\u201d<\/div>\n<div>\u00a0<\/div>\n<div><strong>NOMBRE:<\/strong> \u201cXVIII Encuentro Latinoamericano de Responsables Nacionales de Pastoral Juvenil\u201d<\/div>\n<div>\u00a0<\/div>\n<div><strong>SIGLAS:<\/strong> XVIII ELARNPJ<\/div>\n<div>\u00a0<\/div>\n<div><strong>LUGAR:<\/strong> Curazao<\/div>\n<div>\u00a0<\/div>\n<div><strong>FECHA: <\/strong>15 al 20 de Marzo de 2015<\/div>\n<div>\u00a0<\/div>\n<div><strong>CITA INSPIRADORA:<\/strong> \u201cAcu\u00e9rdate del camino que el Se\u00f1or tu Dios te ha hecho recorrer\u2026\u201d Dt 8, 2<\/div>\n<div>\u00a0<\/div>\n<div>\u00a0<strong>OBJETIVO: <\/strong>Reconocer la memoria hist\u00f3rica de la Pastoral Juvenil Latinoamericana como opci\u00f3n pedag\u00f3gica, propiciando un espacio de compartir y reflexi\u00f3n de los Responsables Nacionales, para seguir con nuestro proceso de revitalizaci\u00f3n y construcci\u00f3n de la Civilizaci\u00f3n del Amor.<\/div>\n<div>\u00a0<\/div>\n<div><strong>Objetivos Espec\u00edficos:<\/strong><\/div>\n<div>\u00a0<\/div>\n<div>Valorar la riqueza del camino recorrido de la Pastoral Juvenil en sus instancias nacional, regional y latinoamericana, para contribuir en la gestaci\u00f3n de una nueva sociedad.<\/div>\n<div>\u00a0<\/div>\n<div>Propiciar en los responsables nacionales de pastoral juvenil el encuentro personal y comunitario con Jesucristo, desde la experiencia del discipulado misionero que nos impulsa a una conversi\u00f3n pastoral.<\/div>\n<div>\u00a0<\/div>\n<div>Discernir las tendencias juveniles en Am\u00e9rica Latina y el Caribe, para dar respuestas a las exigencias de la Nueva Evangelizaci\u00f3n.<\/div>\n<div>\u00a0<\/div>\n<div>Provocar gestos concretos a partir de los retos de la Nueva Evangelizaci\u00f3n y de la Misi\u00f3n Continental, que nos lancen a los ambientes juveniles para hacer realidad la construcci\u00f3n de la Civilizaci\u00f3n del Amor.<\/div>\n<div>\u00a0<\/div>\n<div>Fuente: celam.org<\/div>\n<div>\u00a0<\/div>\n<\/div>\n<p><a href=\"http:\/\/web.hilo.org.pe\/wp-content\/uploads\/encuentropastoraljuvenil.jpg\" target=\"_blank\" rel=\"noopener\">Ver archivo adjunto<\/a><\/p>\n","protected":false},"excerpt":{"rendered":"<p>Del 15 al 20 de marzo se realizar? el XVIII Encuentro Latinoamericano de Responsables Nacionales de Pastoral Juvenil en Curazao (El Caribe); con el objetivo de valorar la riqueza del camino recorrido de la Pastoral Juvenil en sus instancias nacional, regional y latinoamericana, para contribuir en la gestaci?n de una nueva sociedad.<\/p>\n","protected":false},"author":1,"featured_media":7862,"comment_status":"closed","ping_status":"closed","sticky":false,"template":"","format":"standard","meta":{"footnotes":""},"categories":[9],"tags":[],"class_list":["post-2237","post","type-post","status-publish","format-standard","has-post-thumbnail","hentry","category-noticias"],"_links":{"self":[{"href":"https:\/\/ceas.org.pe\/index.php\/wp-json\/wp\/v2\/posts\/2237","targetHints":{"allow":["GET"]}}],"collection":[{"href":"https:\/\/ceas.org.pe\/index.php\/wp-json\/wp\/v2\/posts"}],"about":[{"href":"https:\/\/ceas.org.pe\/index.php\/wp-json\/wp\/v2\/types\/post"}],"author":[{"embeddable":true,"href":"https:\/\/ceas.org.pe\/index.php\/wp-json\/wp\/v2\/users\/1"}],"replies":[{"embeddable":true,"href":"https:\/\/ceas.org.pe\/index.php\/wp-json\/wp\/v2\/comments?post=2237"}],"version-history":[{"count":1,"href":"https:\/\/ceas.org.pe\/index.php\/wp-json\/wp\/v2\/posts\/2237\/revisions"}],"predecessor-version":[{"id":6981,"href":"https:\/\/ceas.org.pe\/index.php\/wp-json\/wp\/v2\/posts\/2237\/revisions\/6981"}],"wp:featuredmedia":[{"embeddable":true,"href":"https:\/\/ceas.org.pe\/index.php\/wp-json\/wp\/v2\/media\/7862"}],"wp:attachment":[{"href":"https:\/\/ceas.org.pe\/index.php\/wp-json\/wp\/v2\/media?parent=2237"}],"wp:term":[{"taxonomy":"category","embeddable":true,"href":"https:\/\/ceas.org.pe\/index.php\/wp-json\/wp\/v2\/categories?post=2237"},{"taxonomy":"post_tag","embeddable":true,"href":"https:\/\/ceas.org.pe\/index.php\/wp-json\/wp\/v2\/tags?post=2237"}],"curies":[{"name":"wp","href":"https:\/\/api.w.org\/{rel}","templated":true}]}}