{"id":2233,"date":"2015-03-10T20:49:01","date_gmt":"2015-03-10T20:49:01","guid":{"rendered":""},"modified":"2026-03-11T09:12:15","modified_gmt":"2026-03-11T14:12:15","slug":"nada-hay-verdaderamente-humano-que-no-encuentre-eco-en-su-corazon-ceas-cumple-50-aoos","status":"publish","type":"post","link":"https:\/\/ceas.org.pe\/index.php\/2015\/03\/10\/nada-hay-verdaderamente-humano-que-no-encuentre-eco-en-su-corazon-ceas-cumple-50-aoos\/","title":{"rendered":"Nada hay verdaderamente humano que no encuentre eco en su coraz\u00f3n: CEAS cumple 50 a\u00f3os"},"content":{"rendered":"<p><span style=\"text-align: justify;\">El 11 de marzo, la Comisi\u00f3n Episcopal de Acci\u00f3n Social, CEAS, como es conocida, cumple 50 a\u00f1os de servicio a la Iglesia y al pueblo peruano. Fue <\/span><span style=\"text-align: justify;\">creada el 11 de marzo de 1965, en el contexto del gran acontecimiento renovador de la Iglesia: el Concilio ecum\u00e9nico Vaticano II, c\u00f3nclave convocado por San Juan XXIII, en ese entonces pastor de edad avanzada y de proyecci\u00f3n prof\u00e9tica, para quien la Iglesia necesitaba un gran cambio, una profundizaci\u00f3n en las fuentes evang\u00e9licas y atenta a responder a los nuevos signos de los tiempos, a los desaf\u00edos propios del mundo moderno. El Papa bueno falleci\u00f3 antes de <\/span><span style=\"text-align: justify;\">\u00a0<\/span><span style=\"text-align: justify;\">ver los frutos conciliares, su obra la contin\u00fao otro gran pastor: el Beato Paulo VI, quien fue el encargado de la clausura del Concilio en 1965.<\/span><\/p>\n<p class=\"MsoNormal\" style=\"margin-bottom: 0.0001pt; text-align: justify;\"><o:p><\/o:p><\/p>\n<p class=\"MsoNormal\" style=\"margin-bottom: 0.0001pt; text-align: justify;\">Notables documentos conciliares siguen marcando el rumbo de la Iglesia hoy, estremecida por el esperanzador testimonio del Papa Francisco; CEAS, se crea el a\u00f1o en que se promulga la Constituci\u00f3n Pastoral sobre la Iglesia en el mundo, la \u201cGaudium et Spes\u201d, que en su primer n\u00famero dice: \u201c<i>Los gozos y las esperanzas, las tristezas y las angustias de los hombres de nuestro tiempo, sobre todo de los pobres y de cuantos sufren, son a la vez gozos y esperanzas, tristezas y angustias de los disc\u00edpulos de Cristo. Nada hay verdaderamente humano que no encuentre eco en su coraz\u00f3n\u201d<\/i> (G.S. n.1) Este es el camino que ha venido recorriendo CEAS desde sus or\u00edgenes, pues\u00a0 nada de lo humano le ha sido ajeno y por eso celebra sus primeros 50 a\u00f1os de servicio al Per\u00fa de todas las sangres.<span class=\"apple-converted-space\">\u00a0<\/span> <o:p><\/o:p><\/p>\n<p class=\"MsoNormal\" style=\"margin-bottom: 0.0001pt; text-align: justify;\">Desde siempre y con esos antecedentes, CEAS ha sido el espacio de escucha y\u00a0 lugar de encuentro de los agentes pastorales que participan en la pastoral social de sus jurisdicciones, tambi\u00e9n el lugar desde donde se promovieron importantes iniciativas de \u00a0los movimientos sociales, siempre desde la inspiraci\u00f3n del Evangelio y el Magisterio de la Iglesia. Los procesos formativos desde la Doctrina Social de la Iglesia, la publicaci\u00f3n de versiones populares de los documentos del Magisterio, sus diversos servicios de atenci\u00f3n y acogida, han sido las fortalezas de la Comisi\u00f3n. La atenci\u00f3n dedicada a todo hijo e hija de Dios vulnerados en sus derechos siempre fue la opci\u00f3n vital del trabajo realizado.<o:p><\/o:p><\/p>\n<p class=\"MsoNormal\" style=\"margin-bottom: 0.0001pt; text-align: justify;\">La pastoral en el contexto del campo, en el de la miner\u00eda, la conflictividad social, los despedidos por las luchas sindicales, la recuperaci\u00f3n de la memoria hist\u00f3rica, la defensa de la vida en el contexto del conflicto armado interno, las reconstrucciones despu\u00e9s de las cat\u00e1strofes y la promoci\u00f3n de una espiritualidad atenta a los signos de los tiempos, todo ello es parte de nuestro \u201cpatrimonio\u201d pastoral.<o:p><\/o:p><\/p>\n<p class=\"MsoNormal\" style=\"margin-bottom: 0.0001pt; text-align: justify;\">Contamos con dos secciones operativas: La \u201cPastoral de los Derechos Humanos, Construcci\u00f3n de Paz y Justicia Penal y Penitenciaria\u201d, y la \u201cPastoral del Cuidado de los Bienes de la Creaci\u00f3n, Econom\u00eda Solidaria y Democracia Participativa\u201d las mismas que abarcan programas espec\u00edficos que comparten este gran objetivo de defender y promover los derechos humanos universales, indivisibles, inalienables e inviolables de todas las personas sin excepci\u00f3n. Como\u00a0 secci\u00f3n transversal,\u00a0 la de \u201cDoctrina Social de la Iglesia\u201d. <o:p><\/o:p><\/p>\n<p class=\"MsoNormal\" style=\"margin-bottom: 0.0001pt; text-align: justify;\">Se ha actuado en contextos de dictadura militar, de violaci\u00f3n sistem\u00e1tica de los derechos humanos, de despidos masivos, como en 1977 y a quienes hubo que atender, lo mismo que los afectados por el terremoto de 1970 y 2007, y tambi\u00e9n a los que fueron afectados por el conflicto armado interno llevado a cabo por movimientos violentistas que sembraron caos y terror.<o:p><\/o:p><\/p>\n<p class=\"MsoNormal\" style=\"margin-bottom: 0.0001pt; text-align: justify;\">Si hay algo que nos desaf\u00eda, es el cuidado de cada persona, de la casa com\u00fan, nuestro ambiente y planeta. Hemos sido testigos de la formaci\u00f3n de equipos de pastoral de derechos humanos a lo largo de estos a\u00f1os, de la atenci\u00f3n a las c\u00e1rceles y las personas privadas de libertad, vimos el nacimiento de oficinas de Iglesia dedicadas a esta labor, como por ejemplo la de Chimbote en 1977,\u00a0 guardamos el vivo recuerdo de Pilar Coll, dirigiendo el equipo de Dignidad humana, \u00a0antes de dedicarse de lleno al acompa\u00f1amiento a personas encarceladas. CEAS ha sido una escuela de formaci\u00f3n en derechos humanos, desde sus cursos para magistrados y jueces, su cercan\u00eda con los territorios eclesi\u00e1sticos de todo el Per\u00fa y Am\u00e9rica Latina, respondiendo a imperativos como el recojo de firmas para la condonaci\u00f3n de la injusta deuda externa de los pa\u00edses empobrecidos, con motivo del Jubileo.\u00a0 <o:p><\/o:p><\/p>\n<p class=\"MsoNormal\" style=\"margin-bottom: 0.0001pt; text-align: justify;\">Un libro central en la experiencia de CEAS, ha sido \u00abFe Cristiana y compromiso social\u00bb (1981), que nos plantea elementos claves para entender el compromiso de los laicos en temas tan relevantes como la violencia, la desigualdad social, la marginaci\u00f3n. .<o:p><\/o:p><\/p>\n<p class=\"MsoNormal\" style=\"margin-bottom: 0.0001pt; text-align: justify;\">En CEAS aprendimos a rezar con los que sufren y ello nos inspir\u00f3 en las jornadas de ayuno y oraci\u00f3n que luego se extendieron por todo el pa\u00eds. Vimos caer a nuestros m\u00e1rtires de la Iglesia peruana de los tiempos actuales que despu\u00e9s de muchos a\u00f1os son elevados a los altares por su compromiso profundamente evang\u00e9lico, ah\u00ed est\u00e1n los conventuales de Pariacoto, as\u00ed como la hermana \u201cAguchita\u201d e Irene Mc Cormack, asesinados todos por Sendero Luminoso.<o:p><\/o:p><\/p>\n<p class=\"MsoNormal\" style=\"margin-bottom: 0.0001pt; text-align: justify;\">El mayor deslinde con la violencia ha sido la fidelidad en el servicio a las v\u00edctimas, tarea que mantenemos hasta hoy. Si bien son nuevos los temas que nos preocupan, la realidad de los pueblos ind\u00edgenas, amaz\u00f3nicas, despu\u00e9s del \u201cbaguazo\u201d, nos hacen ver que CEAS a\u00fan tiene mucho que compartir con esta experiencia de medio siglo vital.<o:p><\/o:p><\/p>\n<p class=\"MsoNormal\" style=\"margin-bottom: 0.0001pt; text-align: justify;\">Vamos a celebrar del 11 al 13 de marzo con la XII Semana Social Nacional, cuyo tema ser\u00e1: \u201cDi\u00e1logo para la inclusi\u00f3n social y la construcci\u00f3n de la paz en el Per\u00fa\u201d, a realizarse en el auditorio del Colegio de Jes\u00fas, ubicado en la cuadra 24 de la avenida Brasil en Pueblo Libre. Simult\u00e1neamente tendremos tres encuentros nacionales que reunir\u00e1n a agentes pastorales de c\u00e1rceles, derechos humanos y cuidado de los bienes de la creaci\u00f3n y un plenario general. Se trata de evaluar, volver a preguntarnos por nuestro quehacer y trazar pistas nuevas para responder a los desaf\u00edos de estos nuevos tiempos en el Per\u00fa y el mundo.<o:p><\/o:p><\/p>\n<p><a href=\"http:\/\/web.hilo.org.pe\/wp-content\/uploads\/50 a\u00f1os web.jpg\" target=\"_blank\" rel=\"noopener\">Ver archivo adjunto<\/a><\/p>\n","protected":false},"excerpt":{"rendered":"<p>El 11 de marzo, la Comisi?n Episcopal de Acci?n Social, CEAS, como es conocida, cumple 50 a?os de servicio a la Iglesia y al pueblo peruano.<br \/>\nVamos a celebrar del 11 al 13 de marzo con la XII Semana Social Nacional, cuyo tema ser?: ?Di?logo para la inclusi?n social y la construcci?n de la paz en el Per??, a realizarse en el auditorio del Colegio de Jes?s, ubicado en la cuadra 24 de la avenida Brasil en Pueblo Libre.<\/p>\n","protected":false},"author":1,"featured_media":7992,"comment_status":"closed","ping_status":"closed","sticky":false,"template":"","format":"standard","meta":{"footnotes":""},"categories":[9],"tags":[],"class_list":["post-2233","post","type-post","status-publish","format-standard","has-post-thumbnail","hentry","category-noticias"],"_links":{"self":[{"href":"https:\/\/ceas.org.pe\/index.php\/wp-json\/wp\/v2\/posts\/2233","targetHints":{"allow":["GET"]}}],"collection":[{"href":"https:\/\/ceas.org.pe\/index.php\/wp-json\/wp\/v2\/posts"}],"about":[{"href":"https:\/\/ceas.org.pe\/index.php\/wp-json\/wp\/v2\/types\/post"}],"author":[{"embeddable":true,"href":"https:\/\/ceas.org.pe\/index.php\/wp-json\/wp\/v2\/users\/1"}],"replies":[{"embeddable":true,"href":"https:\/\/ceas.org.pe\/index.php\/wp-json\/wp\/v2\/comments?post=2233"}],"version-history":[{"count":1,"href":"https:\/\/ceas.org.pe\/index.php\/wp-json\/wp\/v2\/posts\/2233\/revisions"}],"predecessor-version":[{"id":6985,"href":"https:\/\/ceas.org.pe\/index.php\/wp-json\/wp\/v2\/posts\/2233\/revisions\/6985"}],"wp:featuredmedia":[{"embeddable":true,"href":"https:\/\/ceas.org.pe\/index.php\/wp-json\/wp\/v2\/media\/7992"}],"wp:attachment":[{"href":"https:\/\/ceas.org.pe\/index.php\/wp-json\/wp\/v2\/media?parent=2233"}],"wp:term":[{"taxonomy":"category","embeddable":true,"href":"https:\/\/ceas.org.pe\/index.php\/wp-json\/wp\/v2\/categories?post=2233"},{"taxonomy":"post_tag","embeddable":true,"href":"https:\/\/ceas.org.pe\/index.php\/wp-json\/wp\/v2\/tags?post=2233"}],"curies":[{"name":"wp","href":"https:\/\/api.w.org\/{rel}","templated":true}]}}