{"id":2232,"date":"2015-03-10T12:43:04","date_gmt":"2015-03-10T12:43:04","guid":{"rendered":""},"modified":"2026-03-11T09:12:15","modified_gmt":"2026-03-11T14:12:15","slug":"lima-marcha-por-la-vida-este-21-de-marzo","status":"publish","type":"post","link":"https:\/\/ceas.org.pe\/index.php\/2015\/03\/10\/lima-marcha-por-la-vida-este-21-de-marzo\/","title":{"rendered":"Lima: Marcha por la Vida este 21 de marzo"},"content":{"rendered":"<div>El pr\u00f3ximo 21 de marzo se realizar\u00e1 en la capital peruana una nueva edici\u00f3n de la \u201cla Marcha por la Vida\u201d, que este a\u00f1o espera poder convocar a m\u00e1s de 300 mil personas procedentes de todo el pa\u00eds. Esta actividad busca consolidarse como la mayor manifestaci\u00f3n pac\u00edfica que se realiza en el Per\u00fa con la finalidad de promover y defender la vida, desde la concepci\u00f3n hasta su fin natural.<\/div>\n<div>\u00a0<\/div>\n<div>Esta iniciativa social se lleva a cabo en Lima por tercer a\u00f1o consecutivo, y es una celebraci\u00f3n p\u00fablica a la que est\u00e1 invitada cualquier persona que quiera agradecer, celebrar y proteger el don de la vida.<\/div>\n<div>\u00a0<\/div>\n<div>En 2013, la Marcha cont\u00f3 con 100 mil participantes, mientras que el 2014 se logr\u00f3 congregar a m\u00e1s de 250 mil personas que marcharon en defensa de la persona humana y el respeto de su dignidad.<\/div>\n<div>\u00a0<\/div>\n<div>La Marcha por la Vida se lleva a cabo en forma de comparsa, con iniciativas libres de los participantes, que proceden de distintas organizaciones: colectivos, universidades, colegios, parroquias, etc., sin distinci\u00f3n alguna.<\/div>\n<div>\u00a0<\/div>\n<div>Carol Marav\u00ed, Coordinadora del Equipo de Gestores de la Marcha por la Vida, manifest\u00f3 que cada a\u00f1o se crece en cantidad de participantes, lo que demuestra que los peruanos tienen una clara opci\u00f3n por proteger y celebrar la vida. \u201cEl \u00fanico elemento que tenemos en com\u00fan es nuestra alegr\u00eda por disfrutar la vida en todas sus instancias y en todos sus momentos, con todo lo que ello implica\u201d, agreg\u00f3.<\/div>\n<div>\u00a0<\/div>\n<div>La Marcha por la Vida se realizar\u00e1 el 21 de marzo, desde las 4:00 de la tarde y el punto de encuentro ser\u00e1 el cruce de las Avenidas Brasil y Javier Prado, en el distrito de Magdalena.<\/div>\n<div>\u00a0<\/div>\n<div>Cabe destacar que la organizaci\u00f3n de la Marcha por la Vida cuenta con cerca de 3 mil j\u00f3venes voluntarios, as\u00ed como con la colaboraci\u00f3n de la Polic\u00eda Nacional, Serenazgo y Defensa Civil, quienes se encargar\u00e1n de garantizar el orden p\u00fablico y la seguridad durante todo el recorrido y concentraci\u00f3n final. (Fuente: CEP)\u00a0<\/div>\n<p><a href=\"http:\/\/web.hilo.org.pe\/wp-content\/uploads\/marchaporlavida.jpg\" target=\"_blank\" rel=\"noopener\">Ver archivo adjunto<\/a><\/p>\n","protected":false},"excerpt":{"rendered":"<p>El pr?ximo 21 de marzo se realizar? en la capital peruana una nueva edici?n de la ?la Marcha por la Vida?, que este a?o espera poder convocar a m?s de 300 mil personas procedentes de todo el pa?s. Esta actividad busca consolidarse como la mayor manifestaci?n pac?fica que se realiza en el Per? con la finalidad de promover y defender la vida, desde la concepci?n hasta su fin natural.<\/p>\n","protected":false},"author":1,"featured_media":7864,"comment_status":"closed","ping_status":"closed","sticky":false,"template":"","format":"standard","meta":{"footnotes":""},"categories":[9],"tags":[],"class_list":["post-2232","post","type-post","status-publish","format-standard","has-post-thumbnail","hentry","category-noticias"],"_links":{"self":[{"href":"https:\/\/ceas.org.pe\/index.php\/wp-json\/wp\/v2\/posts\/2232","targetHints":{"allow":["GET"]}}],"collection":[{"href":"https:\/\/ceas.org.pe\/index.php\/wp-json\/wp\/v2\/posts"}],"about":[{"href":"https:\/\/ceas.org.pe\/index.php\/wp-json\/wp\/v2\/types\/post"}],"author":[{"embeddable":true,"href":"https:\/\/ceas.org.pe\/index.php\/wp-json\/wp\/v2\/users\/1"}],"replies":[{"embeddable":true,"href":"https:\/\/ceas.org.pe\/index.php\/wp-json\/wp\/v2\/comments?post=2232"}],"version-history":[{"count":1,"href":"https:\/\/ceas.org.pe\/index.php\/wp-json\/wp\/v2\/posts\/2232\/revisions"}],"predecessor-version":[{"id":6986,"href":"https:\/\/ceas.org.pe\/index.php\/wp-json\/wp\/v2\/posts\/2232\/revisions\/6986"}],"wp:featuredmedia":[{"embeddable":true,"href":"https:\/\/ceas.org.pe\/index.php\/wp-json\/wp\/v2\/media\/7864"}],"wp:attachment":[{"href":"https:\/\/ceas.org.pe\/index.php\/wp-json\/wp\/v2\/media?parent=2232"}],"wp:term":[{"taxonomy":"category","embeddable":true,"href":"https:\/\/ceas.org.pe\/index.php\/wp-json\/wp\/v2\/categories?post=2232"},{"taxonomy":"post_tag","embeddable":true,"href":"https:\/\/ceas.org.pe\/index.php\/wp-json\/wp\/v2\/tags?post=2232"}],"curies":[{"name":"wp","href":"https:\/\/api.w.org\/{rel}","templated":true}]}}