{"id":2231,"date":"2015-03-10T12:41:05","date_gmt":"2015-03-10T12:41:05","guid":{"rendered":""},"modified":"2026-03-11T09:12:15","modified_gmt":"2026-03-11T14:12:15","slug":"pontificio-consejo-para-la-promocion-de-la-nueva-evangelizacion-anima-24-horas-para-el-seoor","status":"publish","type":"post","link":"https:\/\/ceas.org.pe\/index.php\/2015\/03\/10\/pontificio-consejo-para-la-promocion-de-la-nueva-evangelizacion-anima-24-horas-para-el-seoor\/","title":{"rendered":"Pontificio Consejo para la Promoci\u00f3n de la Nueva Evangelizaci\u00f3n anima 24 Horas para el Se\u00f3or"},"content":{"rendered":"<div>Despu\u00e9s la gran acogida en el 2014, el Pontificio Consejo para la Promoci\u00f3n de la Nueva Evangelizaci\u00f3n quiere celebrar la iniciativa \u00ab24 horas para el Se\u00f1or\u00bb tambi\u00e9n este a\u00f1o, los pr\u00f3ximos d\u00edas 13 y 14 de marzo.<\/div>\n<div>\u00a0<\/div>\n<div>En su mensaje de Cuaresma, el Papa Francisco escribe: \u00abNo olvidemos la fuerza de la oraci\u00f3n de tantas personas. La iniciativa 24 horas para el Se\u00f1or, que deseo que se celebre en toda la Iglesia \u00a0tambi\u00e9n a nivel diocesano \u00a0en los d\u00edas 13 y 14 de marzo, es expresi\u00f3n de esta necesidad de la oraci\u00f3n\u00bb.<\/div>\n<div>\u00a0<\/div>\n<div>El tema que orientar\u00e1 la reflexi\u00f3n de este a\u00f1o es: \u00abDios rico en misericordia\u00bb (Ef 2,4).<\/div>\n<div>El Papa Francisco presidir\u00e1 este viernes una liturgia penitencial en la Bas\u00edlica de San Pedro, para subrayar que el sacramento de la Reconciliaci\u00f3n est\u00e1 en el centro del camino de la Nueva Evangelizaci\u00f3n en toda la Iglesia.<\/div>\n<div>\u00a0<\/div>\n<div>Cada di\u00f3cesis que se suma a la iniciativa ha organizado sus propias actividades (para participar, pueden consultar el sitio internet de su di\u00f3cesis).<\/div>\n<div>\u00a0<\/div>\n<div>Por si algunos de ustedes de encuentran de visita en Roma, les informamos que desde las 8:00 p.m. en adelante, algunas iglesias del centro estar\u00e1n abiertas para la Adoraci\u00f3n eucar\u00edstica y las Confesiones.<\/div>\n<div>\u00a0<\/div>\n<div>En estas iglesias, numerosos sacerdotes garantizar\u00e1n la acogida tanto de quienes vengan directamente, como de las personas que acepten la invitaci\u00f3n de los j\u00f3venes de algunos movimientos, que ir\u00e1n por las calles motivando a todos, especialmente a otros j\u00f3venes.<\/div>\n<div>Las iglesias que estar\u00e1n abiertas durante la noche son: SantAgnese in Agone (Plaza Navona); Santa Maria in Trastevere; Chiesa delle Sacre Stimmate di San Francesco (Largo di Torre Argentina).<\/div>\n<div>\u00a0<\/div>\n<div>El s\u00e1bado, la di\u00f3cesis de Roma ha organizado, desde las 10.00 a.m. hasta las 4:00 p.m., confesiones y Adoraci\u00f3n eucar\u00edstica en la iglesia de SantAgnese in Agone (Plaza Navona).<\/div>\n<div>A las 5:00 p.m. tendr\u00e1 lugar la Celebraci\u00f3n conclusiva de acci\u00f3n de gracias con el rezo de las primeras V\u00edsperas del IV domingo de Cuaresma en la iglesia de Santo Spirito in Sassia. Dirigir\u00e1 la celebraci\u00f3n Mons. Rino Fisichella, Presidente del Pontificio Consejo para la Promoci\u00f3n de la Nueva Evangelizaci\u00f3n.<\/div>\n<div>\u00a0<\/div>\n<p><a href=\"http:\/\/web.hilo.org.pe\/wp-content\/uploads\/evangelizacion.jpg\" target=\"_blank\" rel=\"noopener\">Ver archivo adjunto<\/a><\/p>\n","protected":false},"excerpt":{"rendered":"<p>Despu?s la gran acogida en el 2014, el Pontificio Consejo para la Promoci?n de la Nueva Evangelizaci?n quiere celebrar la iniciativa \u00ab24 horas para el Se?or\u00bb tambi?n este a?o, los pr?ximos d?as 13 y 14 de marzo.<\/p>\n","protected":false},"author":1,"featured_media":7925,"comment_status":"closed","ping_status":"closed","sticky":false,"template":"","format":"standard","meta":{"footnotes":""},"categories":[9],"tags":[],"class_list":["post-2231","post","type-post","status-publish","format-standard","has-post-thumbnail","hentry","category-noticias"],"_links":{"self":[{"href":"https:\/\/ceas.org.pe\/index.php\/wp-json\/wp\/v2\/posts\/2231","targetHints":{"allow":["GET"]}}],"collection":[{"href":"https:\/\/ceas.org.pe\/index.php\/wp-json\/wp\/v2\/posts"}],"about":[{"href":"https:\/\/ceas.org.pe\/index.php\/wp-json\/wp\/v2\/types\/post"}],"author":[{"embeddable":true,"href":"https:\/\/ceas.org.pe\/index.php\/wp-json\/wp\/v2\/users\/1"}],"replies":[{"embeddable":true,"href":"https:\/\/ceas.org.pe\/index.php\/wp-json\/wp\/v2\/comments?post=2231"}],"version-history":[{"count":1,"href":"https:\/\/ceas.org.pe\/index.php\/wp-json\/wp\/v2\/posts\/2231\/revisions"}],"predecessor-version":[{"id":6987,"href":"https:\/\/ceas.org.pe\/index.php\/wp-json\/wp\/v2\/posts\/2231\/revisions\/6987"}],"wp:featuredmedia":[{"embeddable":true,"href":"https:\/\/ceas.org.pe\/index.php\/wp-json\/wp\/v2\/media\/7925"}],"wp:attachment":[{"href":"https:\/\/ceas.org.pe\/index.php\/wp-json\/wp\/v2\/media?parent=2231"}],"wp:term":[{"taxonomy":"category","embeddable":true,"href":"https:\/\/ceas.org.pe\/index.php\/wp-json\/wp\/v2\/categories?post=2231"},{"taxonomy":"post_tag","embeddable":true,"href":"https:\/\/ceas.org.pe\/index.php\/wp-json\/wp\/v2\/tags?post=2231"}],"curies":[{"name":"wp","href":"https:\/\/api.w.org\/{rel}","templated":true}]}}