{"id":2225,"date":"2015-03-05T11:10:01","date_gmt":"2015-03-05T11:10:01","guid":{"rendered":""},"modified":"2026-03-11T09:12:15","modified_gmt":"2026-03-11T14:12:15","slug":"encuentro-de-formacion-virtual-sobre-los-desafoos-de-la-familia-en-amorica-latina","status":"publish","type":"post","link":"https:\/\/ceas.org.pe\/index.php\/2015\/03\/05\/encuentro-de-formacion-virtual-sobre-los-desafoos-de-la-familia-en-amorica-latina\/","title":{"rendered":"Encuentro de formaci\u00f3n virtual sobre los desaf\u00f3os de la familia en Am\u00f3rica Latina"},"content":{"rendered":"<p>En el Encuentro Virtual de Formaci\u00f3n de este mes de marzo se desarrollar\u00e1 la tem\u00e1tica sobre, los desaf\u00edos hoy de la familia en Am\u00e9rica Latina y el Caribe. El P. Antonio Jos\u00e9 Vel\u00e1squez, secretario ejecutivo del Dpto. de Familia, Vida y Juventud del CELAM,nos acompa\u00f1ar\u00e1 como facilitador del tema. \u00a0<\/p>\n<div>\u00a0<\/div>\n<div>Fecha: 31 de marzo de 2015 \u00a0<\/div>\n<div>\u00a0<\/div>\n<div>Hora: 10:30 a.m. Hora de Bogot\u00e1\/Quito\/Lima.<\/div>\n<div>\u00a0<\/div>\n<div>Enlace webex \u00a0para participar:<a href=\"https:\/\/wvi.webex.com\/mw0307l\/mywebex\/default.do?service=1&#038;siteurl=wvi-sp&#038;nomenu=true&#038;main_url=%2Fmc0806l%2Fe.do%3Fsiteurl%3Dwvi-sp%26AT%3DMI%26EventID%3D295460597%26UID%3D1971181347%26Host%3D5317dfcaa42b23035e3d40%26FrameSet%3D2%26MTID%3Dm35952c30cb62677753d8043c4a989fad\" target=\"_blank\">https:\/\/wvi.webex.com\/wvi-sp\/j.php?MTID=m35952c30cb62677753d8043c4a989fad\u00a0<\/a><\/div>\n<div>\u00a0<\/div>\n<div>Fuente: celam.org<\/div>\n<div>\u00a0<\/div>\n<p><a href=\"http:\/\/web.hilo.org.pe\/wp-content\/uploads\/desafios.jpg\" target=\"_blank\" rel=\"noopener\">Ver archivo adjunto<\/a><\/p>\n","protected":false},"excerpt":{"rendered":"<p>En el Encuentro Virtual de Formaci?n de este mes de marzo se desarrollar? la tem?tica sobre, los desaf?os hoy de la familia en Am?rica Latina y el Caribe. El P. Antonio Jos? Vel?squez, secretario ejecutivo del Dpto. de Familia, Vida y Juventud del CELAM,nos acompa?ar? como facilitador del tema.<\/p>\n","protected":false},"author":1,"featured_media":7862,"comment_status":"closed","ping_status":"closed","sticky":false,"template":"","format":"standard","meta":{"footnotes":""},"categories":[9],"tags":[],"class_list":["post-2225","post","type-post","status-publish","format-standard","has-post-thumbnail","hentry","category-noticias"],"_links":{"self":[{"href":"https:\/\/ceas.org.pe\/index.php\/wp-json\/wp\/v2\/posts\/2225","targetHints":{"allow":["GET"]}}],"collection":[{"href":"https:\/\/ceas.org.pe\/index.php\/wp-json\/wp\/v2\/posts"}],"about":[{"href":"https:\/\/ceas.org.pe\/index.php\/wp-json\/wp\/v2\/types\/post"}],"author":[{"embeddable":true,"href":"https:\/\/ceas.org.pe\/index.php\/wp-json\/wp\/v2\/users\/1"}],"replies":[{"embeddable":true,"href":"https:\/\/ceas.org.pe\/index.php\/wp-json\/wp\/v2\/comments?post=2225"}],"version-history":[{"count":1,"href":"https:\/\/ceas.org.pe\/index.php\/wp-json\/wp\/v2\/posts\/2225\/revisions"}],"predecessor-version":[{"id":6993,"href":"https:\/\/ceas.org.pe\/index.php\/wp-json\/wp\/v2\/posts\/2225\/revisions\/6993"}],"wp:featuredmedia":[{"embeddable":true,"href":"https:\/\/ceas.org.pe\/index.php\/wp-json\/wp\/v2\/media\/7862"}],"wp:attachment":[{"href":"https:\/\/ceas.org.pe\/index.php\/wp-json\/wp\/v2\/media?parent=2225"}],"wp:term":[{"taxonomy":"category","embeddable":true,"href":"https:\/\/ceas.org.pe\/index.php\/wp-json\/wp\/v2\/categories?post=2225"},{"taxonomy":"post_tag","embeddable":true,"href":"https:\/\/ceas.org.pe\/index.php\/wp-json\/wp\/v2\/tags?post=2225"}],"curies":[{"name":"wp","href":"https:\/\/api.w.org\/{rel}","templated":true}]}}