{"id":2222,"date":"2015-02-27T10:24:24","date_gmt":"2015-02-27T10:24:24","guid":{"rendered":""},"modified":"2026-03-11T09:12:15","modified_gmt":"2026-03-11T14:12:15","slug":"advierten-a-alcaldes-que-ciudades-generan-70-de-emisiones-en-el-mundo","status":"publish","type":"post","link":"https:\/\/ceas.org.pe\/index.php\/2015\/02\/27\/advierten-a-alcaldes-que-ciudades-generan-70-de-emisiones-en-el-mundo\/","title":{"rendered":"Advierten a alcaldes que ciudades generan 70% de emisiones en el mundo"},"content":{"rendered":"<p>\u00a0El Ministro del Ambiente y Presidente de la COP20\/CMP10, Manuel Pulgar-Vidal, destac\u00f3 las oportunidades que representa la agenda de ciudades sostenibles para las autoridades locales durante el Encuentro Nacional de Municipalidades, que se llev\u00f3 a cabo en la explanada de la Costa Verde de Lima.<\/p>\n<div>\u00a0<\/div>\n<div>\u201cUstedes tienen un sus manos una gran oportunidad para llevar las ciudades hacia un enfoque de sostenibilidad. Es una oportunidad porque estamos en un momento en el que la amenaza del cambio clim\u00e1tico nos obliga a actuar y donde los desastres naturales son constantes\u201d, afirm\u00f3 Pulgar-Vidal.<\/div>\n<div>\u00a0<\/div>\n<div>Junto a \u00e9l, Alberto Barandiar\u00e1n G\u00f3mez, asesor del MINAM y l\u00edder del Tema Emblem\u00e1tico \u201cCiudades Sostenibles\u201d durante la COP20, record\u00f3 que el 50% de la poblaci\u00f3n mundial vive en ciudades, porcentaje que aumenta en el caso de Am\u00e9rica Latina y del Per\u00fa, con el 70% y 75% de poblaci\u00f3n en urbes respectivamente.<\/div>\n<div>\u00a0<\/div>\n<div>\u201cLas ciudades son responsables del 70% de emisiones en el mundo\u201d, se\u00f1al\u00f3, explicando que las cifras no dejan lugar a duda sobre la importancia que representan las ciudades en la agenda clim\u00e1tica, tanto en mitigaci\u00f3n como adaptaci\u00f3n.<\/div>\n<div>\u00a0<\/div>\n<div><strong>Desarrollando una agenda de ciudades sostenibles<\/strong><\/div>\n<div>\u00a0<\/div>\n<div>Conociendo esta situaci\u00f3n, \u00bfc\u00f3mo se puede generar una agenda de ciudades sostenibles que ayude a reducir las emisiones?<\/div>\n<div>\u00a0<\/div>\n<div>Barandiari\u00e1n record\u00f3 que mejorar la calidad de vida no significa necesariamente generar un impacto negativo sobre el medio ambiente. \u201cSe pueden mejorar las condiciones de vida sin aumentar las emisiones. La responsabilidad de las autoridades es conducir procesos para esto y las ciudades sostenibles son clave en la agenda nacional, regional y local para lograrlo\u201d, record\u00f3.<\/div>\n<div>\u00a0<\/div>\n<div>De esta manera, el MINAM ha trabajado en la identificaci\u00f3n de 10 componentes y 3 temas transversales que facilitar\u00e1n la agenda de ciudades sostenibles, para que las autoridades locales puedan liderar el proceso de acuerdo a sus caracter\u00edsticas espec\u00edficas.<\/div>\n<div>\u00a0<\/div>\n<div>Adem\u00e1s, Pulgar-Vidal se\u00f1al\u00f3 la necesidad de orientar la agenda para la construcci\u00f3n de una ciudad integrada que respete el espacio p\u00fablico. \u201cEl concepto de ciudades sostenibles debe ser integrador y permitir identificar las necesidades de ciudades y de gobernanza\u201d, destac\u00f3.<\/div>\n<div>\u00a0<\/div>\n<div>Finalmente, Pulgar-Vidal se\u00f1al\u00f3 como elementos centrales para las ciudades sostenibles la planificaci\u00f3n a largo plazo, la integraci\u00f3n de los ciudadanos en el espacio p\u00fablico como construcciones sostenibles, la solidaridad para lograr dicha integraci\u00f3n y el dialogo entre gobierno nacional, regional y local.<\/div>\n<div>\u00a0<\/div>\n<div>\u201cEl ciudadano debe contar con espacios de integraci\u00f3n en el espacio p\u00fablico, con construcciones eficientes en energ\u00eda que no depreden el territorio, que dispongan adecuadamente del recurso h\u00eddrico o que aprovechan la luz del d\u00eda, entre otros\u201d, afirm\u00f3.<\/div>\n<div>\u00a0<\/div>\n<div><strong>Los 10 componentes de ciudades sostenibles:<\/strong><\/div>\n<div>\u00a0<\/div>\n<div>Planificaci\u00f3n de ciudades con \u00e1mbitos rurales<\/div>\n<div>Vulnerabilidad: riesgo del cambio clim\u00e1tico<\/div>\n<div>Construcci\u00f3n sostenible<\/div>\n<div>Transporte sostenible y movilidad<\/div>\n<div>Calidad ambiental<\/div>\n<div>Gesti\u00f3n de riesgo<\/div>\n<div>Acceso a recursos h\u00eddricos<\/div>\n<div>Eficiencia energ\u00e9tica<\/div>\n<div>Uso de espacios p\u00fablicos<\/div>\n<div>Seguridad alimentaria<\/div>\n<div>\u00a0<\/div>\n<div><strong>Temas transversales de ciudades sostenibles:<\/strong><\/div>\n<div>\u00a0<\/div>\n<div>Financiamiento<\/div>\n<div>Gobernanza: los alcaldes deben trabajar en equipo con mecanismos de coordinaci\u00f3n. Lima 43 distritos, se debe generar acuerdos y di\u00e1logos.<\/div>\n<div>Diagn\u00f3stico y mapeo del punto de partida<\/div>\n<div>\u00a0<\/div>\n<div>Fuente: cop20.pe<\/div>\n<div>\u00a0<\/div>\n<p><a href=\"http:\/\/web.hilo.org.pe\/wp-content\/uploads\/ciudadesresponsables.jpg\" target=\"_blank\" rel=\"noopener\">Ver archivo adjunto<\/a><\/p>\n","protected":false},"excerpt":{"rendered":"<p>El Ministro del Ambiente y Presidente de la COP20\/CMP10, Manuel Pulgar-Vidal, destac? las oportunidades que representa la agenda de ciudades sostenibles para las autoridades locales durante el Encuentro Nacional de Municipalidades, que se llev? a cabo en la explanada de la Costa Verde de Lima.<\/p>\n","protected":false},"author":1,"featured_media":8050,"comment_status":"closed","ping_status":"closed","sticky":false,"template":"","format":"standard","meta":{"footnotes":""},"categories":[9],"tags":[],"class_list":["post-2222","post","type-post","status-publish","format-standard","has-post-thumbnail","hentry","category-noticias"],"_links":{"self":[{"href":"https:\/\/ceas.org.pe\/index.php\/wp-json\/wp\/v2\/posts\/2222","targetHints":{"allow":["GET"]}}],"collection":[{"href":"https:\/\/ceas.org.pe\/index.php\/wp-json\/wp\/v2\/posts"}],"about":[{"href":"https:\/\/ceas.org.pe\/index.php\/wp-json\/wp\/v2\/types\/post"}],"author":[{"embeddable":true,"href":"https:\/\/ceas.org.pe\/index.php\/wp-json\/wp\/v2\/users\/1"}],"replies":[{"embeddable":true,"href":"https:\/\/ceas.org.pe\/index.php\/wp-json\/wp\/v2\/comments?post=2222"}],"version-history":[{"count":1,"href":"https:\/\/ceas.org.pe\/index.php\/wp-json\/wp\/v2\/posts\/2222\/revisions"}],"predecessor-version":[{"id":7000,"href":"https:\/\/ceas.org.pe\/index.php\/wp-json\/wp\/v2\/posts\/2222\/revisions\/7000"}],"wp:featuredmedia":[{"embeddable":true,"href":"https:\/\/ceas.org.pe\/index.php\/wp-json\/wp\/v2\/media\/8050"}],"wp:attachment":[{"href":"https:\/\/ceas.org.pe\/index.php\/wp-json\/wp\/v2\/media?parent=2222"}],"wp:term":[{"taxonomy":"category","embeddable":true,"href":"https:\/\/ceas.org.pe\/index.php\/wp-json\/wp\/v2\/categories?post=2222"},{"taxonomy":"post_tag","embeddable":true,"href":"https:\/\/ceas.org.pe\/index.php\/wp-json\/wp\/v2\/tags?post=2222"}],"curies":[{"name":"wp","href":"https:\/\/api.w.org\/{rel}","templated":true}]}}