{"id":2216,"date":"2015-02-26T09:22:55","date_gmt":"2015-02-26T09:22:55","guid":{"rendered":""},"modified":"2026-03-11T09:12:15","modified_gmt":"2026-03-11T14:12:15","slug":"informe-de-amnistoa-internacional-2014-sobre-los-derechos-humanos","status":"publish","type":"post","link":"https:\/\/ceas.org.pe\/index.php\/2015\/02\/26\/informe-de-amnistoa-internacional-2014-sobre-los-derechos-humanos\/","title":{"rendered":"Informe de Amnist\u00f3a Internacional 2014 sobre los derechos humanos"},"content":{"rendered":"<p>El Informe Anual de Amnist\u00eda Internacional sostiene que los gobiernos deben \u201cdejar de fingir que la protecci\u00f3n de civiles no est\u00e1 a su alcance\u201d. \u00a0Y pide a los \u00a0dirigentes mundiales \u00abactuar con urgencia para hacer frente al nuevo rostro de los conflictos y proteger a la poblaci\u00f3n civil de la horrenda violencia de Estados y grupos armados\u201d. Adem\u00e1s, \u201cel panorama global de la situaci\u00f3n de los derechos humanos es sombr\u00edo, pero hay soluciones. Los dirigentes mundiales deben tomar medidas inmediatas y en\u00e9rgicas para evitar una inminente crisis global y acercarnos un paso m\u00e1s a un mundo m\u00e1s seguro en el que los derechos y libertades est\u00e9n protegidos\u201d. As\u00ed lo afirma Amnist\u00eda Internacional al presentar su evaluaci\u00f3n anual de la situaci\u00f3n de los derechos humanos en todo el mundo.<\/p>\n<div>\u00a0<\/div>\n<div>\u00a0<\/div>\n<div>\u201cEl a\u00f1o 2014 fue catastr\u00f3fico para millones de personas atrapadas en la violencia. La respuesta global a los conflictos y a los abusos cometidos por Estados y grupos armados ha sido vergonzosa e ineficaz. Mientras la gente sufr\u00eda una escalada de brutales ataques y represi\u00f3n, la comunidad internacional ha dejado mucho que desear\u201d, ha afirmado Salil Shetty, secretario general de Amnist\u00eda Internacional.<\/div>\n<div>\u00a0<\/div>\n<div>Asimismo se recuerda que \u201clas Naciones Unidas se crearon hace 70 a\u00f1os para garantizar que no se repetir\u00edan los horrores vividos en la Segunda Guerra Mundial. Pero lo que ahora vemos es violencia a escala masiva y una enorme crisis de refugiados causada por esa violencia. Se ha fracasado estrepitosamente a la hora de buscar soluciones viables para las necesidades m\u00e1s apremiantes de nuestra \u00e9poca.\u201d<\/div>\n<div>\u00a0<\/div>\n<div>Por otro lado, el informe ofrece una panor\u00e1mica completa de la situaci\u00f3n de los derechos humanos en 160 pa\u00edses durante 2014. \u201cA menos que los dirigentes del mundo tomen medidas inmediatas para hacer frente al nuevo rostro de los conflictos y aborden otras deficiencias que se identifican en el informe, las perspectivas para los derechos humanos durante el pr\u00f3ximo a\u00f1o son sombr\u00edas\u201d, explican.<\/div>\n<div>\u00a0<\/div>\n<div>De este modo, enumeran situaciones como \u201cgrupos armados brutales que ejercen un control similar al que tiene un Estado sobre cada vez m\u00e1s poblaciones civiles, sometidas a ataques, persecuci\u00f3n y discriminaci\u00f3n\u201d, \u201cagravamiento de las amenazas contra la libertad de expresi\u00f3n y otros derechos, como las violaciones de derechos causadas por nuevas leyes antiterroristas draconianas y por la vigilancia masiva injustificada\u201d, \u00a0\u201cempeoramiento de las crisis humanitarias y de refugiados, con un n\u00famero cada vez mayor de personas desplazadas a causa de los conflictos, en tanto que los gobiernos contin\u00faan cerrando fronteras y la comunidad internacional sigue sin proporcionar auxilio ni protecci\u00f3n\u201d.<\/div>\n<div>\u00a0<\/div>\n<div>Suscita especial preocupaci\u00f3n &#8211;aseguran&#8211; el aumento del poder de los grupos armados no estatales, entre ellos el grupo autodenominado Estado Isl\u00e1mico. Los grupos armados cometieron abusos en al menos 35 pa\u00edses en 2014, m\u00e1s de uno de cada cinco pa\u00edses investigados por Amnist\u00eda Internacional.<\/div>\n<div>\u00a0<\/div>\n<div>Por su parte, Anna Neistat, directora general de Investigaci\u00f3n de Amnist\u00eda Internacional, asegura en un comunicado que publicado por la misma ONG, asegura que \u201ca medida que la influencia de grupos como Boko Haram, Estado Isl\u00e1mico y Al Shabaab traspase las fronteras nacionales, cada vez m\u00e1s civiles se ver\u00e1n obligados a vivir bajo su control, similar al de un Estado, sometidos a abusos, persecuci\u00f3n y discriminaci\u00f3n\u201d.<\/div>\n<div>\u00a0<\/div>\n<div>Y a\u00f1ade que \u201clos gobiernos deben dejar de fingir que la protecci\u00f3n de civiles no est\u00e1 a su alcance, y ayudar a reducir el sufrimiento de millones de personas. Los dirigentes mundiales deben asumir un cambio fundamental en su manera de responder a las crisis en todo el mundo\u201d.<\/div>\n<div>\u00a0<\/div>\n<div>Para esta ONG internacional \u201cen los casos de Siria, Irak, Gaza, Israel y Ucrania, el Consejo de Seguridad de la ONU no ha abordado las crisis y los conflictos -\u2013ni siquiera en situaciones en las que los Estados y los grupos armados cometen horrendos cr\u00edmenes contra la poblaci\u00f3n civil\u2013- debido a intereses creados o conveniencias pol\u00edticas\u201d y por eso piden que \u201clos cinco miembros permanentes del Consejo de Seguridad renuncien a su derecho de veto en situaciones de genocidio y otras atrocidades masivas\u201d. El secretario general de Amnist\u00eda Internacional explica que \u201cesto podr\u00eda suponer un punto de inflexi\u00f3n para la comunidad internacional y los instrumentos de que dispone para ayudar a proteger la vida de los civiles. Con la renuncia a su derecho de veto, los cinco miembros permanentes del Consejo de Seguridad otorgar\u00edan a la ONU m\u00e1s posibilidades de actuar para proteger a la poblaci\u00f3n civil cuando haya vidas en situaci\u00f3n de grave riesgo, y enviar\u00edan a los responsables de abusos el firme mensaje de que el mundo no se quedar\u00e1 de brazos cruzados mientras se cometen atrocidades masivas\u201d.<\/div>\n<div>\u00a0<\/div>\n<div>El sangriento legado del ingente flujo de armas a pa\u00edses donde Estados y grupos armados las utilizan para cometer graves abusos se cobr\u00f3 decenas de miles de vidas de civiles en 2014. Y por eso Amnist\u00eda Internacional pide a todos los Estados que ratifiquen o acepten y se adhieran al Tratado sobre el Comercio de Armas, que entr\u00f3 en vigor el pasado a\u00f1o.<\/div>\n<div>\u00a0<\/div>\n<div>Adem\u00e1s, piden a los dirigentes mundiales que impongan nuevas restricciones para hacer frente al uso de armas explosivas en zonas pobladas, que dieron lugar a innumerables muertes de civiles en 2014.<\/div>\n<div>\u00a0<\/div>\n<div>Del mismo modo, Amnist\u00eda Internacional insta a los gobiernos a garantizar que su respuesta a las amenazas contra la seguridad no menoscaba derechos humanos fundamentales ni fomenta m\u00e1s violencia. El Informe Anual detalla cu\u00e1ntos gobiernos reaccionaron a las amenazas contra la seguridad con t\u00e1cticas draconianas y represivas en 2014, como por ejemplo: Afganist\u00e1n, Kenia, Nigeria, Pakist\u00e1n, Rusia y Asia Central, Turqu\u00eda. \u201cDesde Baga hasta Bagdad, los dirigentes gubernamentales han intentado justificar las violaciones de derechos humanos hablando de la necesidad de que el mundo siga siendo \u2018seguro\u2019\u201d, ha afirmado Salil Shetty.<\/div>\n<div>\u00a0<\/div>\n<div>\u201cUna consecuencia tr\u00e1gica de la incapacidad de la comunidad internacional para ocuparse del nuevo rostro de los conflictos es una de las crisis de refugiados m\u00e1s graves que el mundo ha conocido, mientras millones de personas \u20134 millones s\u00f3lo de Siria\u2013 siguen huyendo de la violencia y la persecuci\u00f3n\u201d, prosigue describiendo la ONG.<\/div>\n<div>\u00a0<\/div>\n<div>Sobre la situaci\u00f3n de Espa\u00f1a, indican que las personas migrantes est\u00e1n viendo sus derechos vulnerados en Espa\u00f1a. \u201cAmnist\u00eda Internacional ha seguido denunciando uso excesivo e innecesario de la fuerza en frontera, por parte de los funcionarios encargados de hacer cumplir la ley a refugiados, migrantes y solicitantes de asilo, que en ocasiones han sido devueltos de manera ilegal\u201d, denuncian. \u00a0<\/div>\n<div>\u00a0<\/div>\n<div>Fuente: zenit.org<\/div>\n<p><a href=\"http:\/\/web.hilo.org.pe\/wp-content\/uploads\/derechoshumanos.jpg\" target=\"_blank\" rel=\"noopener\">Ver archivo adjunto<\/a><\/p>\n","protected":false},"excerpt":{"rendered":"<p>El Informe Anual de Amnist?a Internacional sostiene que los gobiernos deben ?dejar de fingir que la protecci?n de civiles no est? a su alcance?.  Y pide a los  dirigentes mundiales \u00abactuar con urgencia para hacer frente al nuevo rostro de los conflictos y proteger a la poblaci?n civil de la horrenda violencia de Estados y grupos armados?.<\/p>\n","protected":false},"author":1,"featured_media":7936,"comment_status":"closed","ping_status":"closed","sticky":false,"template":"","format":"standard","meta":{"footnotes":""},"categories":[9],"tags":[],"class_list":["post-2216","post","type-post","status-publish","format-standard","has-post-thumbnail","hentry","category-noticias"],"_links":{"self":[{"href":"https:\/\/ceas.org.pe\/index.php\/wp-json\/wp\/v2\/posts\/2216","targetHints":{"allow":["GET"]}}],"collection":[{"href":"https:\/\/ceas.org.pe\/index.php\/wp-json\/wp\/v2\/posts"}],"about":[{"href":"https:\/\/ceas.org.pe\/index.php\/wp-json\/wp\/v2\/types\/post"}],"author":[{"embeddable":true,"href":"https:\/\/ceas.org.pe\/index.php\/wp-json\/wp\/v2\/users\/1"}],"replies":[{"embeddable":true,"href":"https:\/\/ceas.org.pe\/index.php\/wp-json\/wp\/v2\/comments?post=2216"}],"version-history":[{"count":1,"href":"https:\/\/ceas.org.pe\/index.php\/wp-json\/wp\/v2\/posts\/2216\/revisions"}],"predecessor-version":[{"id":7002,"href":"https:\/\/ceas.org.pe\/index.php\/wp-json\/wp\/v2\/posts\/2216\/revisions\/7002"}],"wp:featuredmedia":[{"embeddable":true,"href":"https:\/\/ceas.org.pe\/index.php\/wp-json\/wp\/v2\/media\/7936"}],"wp:attachment":[{"href":"https:\/\/ceas.org.pe\/index.php\/wp-json\/wp\/v2\/media?parent=2216"}],"wp:term":[{"taxonomy":"category","embeddable":true,"href":"https:\/\/ceas.org.pe\/index.php\/wp-json\/wp\/v2\/categories?post=2216"},{"taxonomy":"post_tag","embeddable":true,"href":"https:\/\/ceas.org.pe\/index.php\/wp-json\/wp\/v2\/tags?post=2216"}],"curies":[{"name":"wp","href":"https:\/\/api.w.org\/{rel}","templated":true}]}}