{"id":2214,"date":"2015-02-25T09:59:58","date_gmt":"2015-02-25T09:59:58","guid":{"rendered":""},"modified":"2026-03-11T09:12:15","modified_gmt":"2026-03-11T14:12:15","slug":"el-papa-pide-detener-la-violencia-y-el-narcotrofico-en-argentina","status":"publish","type":"post","link":"https:\/\/ceas.org.pe\/index.php\/2015\/02\/25\/el-papa-pide-detener-la-violencia-y-el-narcotrofico-en-argentina\/","title":{"rendered":"El Papa pide detener la violencia y el narcotr\u00f3fico en Argentina"},"content":{"rendered":"<p>El papa Francisco respondi\u00f3 una carta al legislador porte\u00f1o Gustavo Vera, titular de la ONG La Alameda, en la que \u00a0pidi\u00f3 evitar la mexicanizaci\u00f3n de Argentina, refiri\u00e9ndose a la situaci\u00f3n de violencia, tr\u00e1fico de droga y complicidades que sufre el pa\u00eds hermano.\u00a0<\/p>\n<p>En el e-mail enviado el 21 de febrero y escrito en lenguaje coloquial el Papa escribe : \u201cPido mucho para que Dios te proteja a vos y a los alamedenses. Y ojal\u00e1 estemos a tiempo de evitar la mexicanizaci\u00f3n. Estuve hablando con algunos obispos mexicanos y la cosa es de terror\u201d.<\/p>\n<p>\u00a0Y a\u00f1ade: \u201cMa\u00f1ana me voy, por una semana, a hacer ejercicios espirituales con la Curia Romana. Una semana de oraci\u00f3n y meditaci\u00f3n me har\u00e1 bien\u201d.\u00a0<\/p>\n<p>\u00a0Por su parte el legislador Vera indic\u00f3 a radio Continental, que La Alameda ha hecho varias denuncias en los \u00faltimos dos a\u00f1os vinculadas al tema, si bien lament\u00f3 que \u00abavanzan muy lentamente en la Justicia\u00bb. Y precis\u00f3: \u00abHemos tenido mucha m\u00e1s informaci\u00f3n de los vecinos, que est\u00e1n aterrorizados\u00bb.<\/p>\n<p>\u00a0Las denuncias de la Iglesia al aumento de la droga, narcotr\u00e1fico y violencia son bien conocidas en Argentina, y entre ellos se destaca el de la asamblea plenaria de noviembre de 2013, que redact\u00f3 el documento \u201cEl drama de la droga y el narcotr\u00e1fico\u201d. All\u00ed se\u00f1alan \u00abcon dolor y preocupaci\u00f3n\u00bb las consecuencias de la droga y del narcotr\u00e1fico sobre la sociedad, en particular en los sectores m\u00e1s vulnerables.\u00a0<\/p>\n<p>\u00a0Monse\u00f1or Jos\u00e9 Mar\u00eda Arancedo, al presentar el mensaje indic\u00f3: \u201cNo deseamos ser como M\u00e9xico y Colombia, ciertamente no lo somos, pero tengamos cuidado, porque ya no somos un lugar de paso, sino de consumo\u201d.\u00a0<\/p>\n<p>\u00a0Pocos d\u00edas atr\u00e1s, el Consejo Permanente del Episcopado Mexicano public\u00f3 el mensaje: \u201c\u00a1Alto a los corruptos!\u201d. Alli denuncia la situaci\u00f3n de corrupci\u00f3n que afecta a su pa\u00eds y sus terribles consecuencias. \u00a0<\/p>\n<p>\u00a0El texto completo<\/p>\n<p>\u00a0Querido hermano:<\/p>\n<p>Gracias por tu correo. Veo tu trabajo incansable a todo vapor. Pido mucho para que Dios te proteja a vos y a los alamedenses. Y ojal\u00e1 estemos a tiempo de evitar la mexicanizaci\u00f3n. Estuve hablando con algunos obispos mexicanos y la cosa es de terror.<\/p>\n<p>Ma\u00f1ana me voy, por una semana, a hacer Ejercicios Espirituales con la Curia Romana. Una semana de oraci\u00f3n y meditaci\u00f3n me har\u00e1 bien.<\/p>\n<p>Te deseo cosas buenas. Saludos a tu madre. Y, por favor, no te olvides de rezar por m\u00ed.<\/p>\n<p>Que Jes\u00fas te bendiga y la Virgen Santa te cuide.<\/p>\n<p>\u00a0Fraternalmente, Francisco<\/p>\n<p>\u00a0Fuente. zenit.org<\/p>\n<p>\u00a0<\/p>\n<p><a href=\"http:\/\/web.hilo.org.pe\/wp-content\/uploads\/papamexnicanizacon.jpg\" target=\"_blank\" rel=\"noopener\">Ver archivo adjunto<\/a><\/p>\n","protected":false},"excerpt":{"rendered":"<p>El papa Francisco respondi? una carta al legislador porte?o Gustavo Vera, titular de la ONG La Alameda, en la que  pidi? evitar la mexicanizaci?n de Argentina, refiri?ndose a la situaci?n de violencia, tr?fico de droga y complicidades que sufre el pa?s hermano.<\/p>\n","protected":false},"author":1,"featured_media":7874,"comment_status":"closed","ping_status":"closed","sticky":false,"template":"","format":"standard","meta":{"footnotes":""},"categories":[9],"tags":[],"class_list":["post-2214","post","type-post","status-publish","format-standard","has-post-thumbnail","hentry","category-noticias"],"_links":{"self":[{"href":"https:\/\/ceas.org.pe\/index.php\/wp-json\/wp\/v2\/posts\/2214","targetHints":{"allow":["GET"]}}],"collection":[{"href":"https:\/\/ceas.org.pe\/index.php\/wp-json\/wp\/v2\/posts"}],"about":[{"href":"https:\/\/ceas.org.pe\/index.php\/wp-json\/wp\/v2\/types\/post"}],"author":[{"embeddable":true,"href":"https:\/\/ceas.org.pe\/index.php\/wp-json\/wp\/v2\/users\/1"}],"replies":[{"embeddable":true,"href":"https:\/\/ceas.org.pe\/index.php\/wp-json\/wp\/v2\/comments?post=2214"}],"version-history":[{"count":1,"href":"https:\/\/ceas.org.pe\/index.php\/wp-json\/wp\/v2\/posts\/2214\/revisions"}],"predecessor-version":[{"id":7004,"href":"https:\/\/ceas.org.pe\/index.php\/wp-json\/wp\/v2\/posts\/2214\/revisions\/7004"}],"wp:featuredmedia":[{"embeddable":true,"href":"https:\/\/ceas.org.pe\/index.php\/wp-json\/wp\/v2\/media\/7874"}],"wp:attachment":[{"href":"https:\/\/ceas.org.pe\/index.php\/wp-json\/wp\/v2\/media?parent=2214"}],"wp:term":[{"taxonomy":"category","embeddable":true,"href":"https:\/\/ceas.org.pe\/index.php\/wp-json\/wp\/v2\/categories?post=2214"},{"taxonomy":"post_tag","embeddable":true,"href":"https:\/\/ceas.org.pe\/index.php\/wp-json\/wp\/v2\/tags?post=2214"}],"curies":[{"name":"wp","href":"https:\/\/api.w.org\/{rel}","templated":true}]}}