{"id":2210,"date":"2015-02-20T11:40:51","date_gmt":"2015-02-20T11:40:51","guid":{"rendered":""},"modified":"2026-03-11T09:12:15","modified_gmt":"2026-03-11T14:12:15","slug":"i-encuentro-de-obispos-emoritos-de-amorica-latina-y-el-caribe","status":"publish","type":"post","link":"https:\/\/ceas.org.pe\/index.php\/2015\/02\/20\/i-encuentro-de-obispos-emoritos-de-amorica-latina-y-el-caribe\/","title":{"rendered":"I Encuentro de Obispos Em\u00f3ritos de Am\u00f3rica Latina y El Caribe"},"content":{"rendered":"<p>El Evento tendr\u00e1 como Objetivo, promover un espacio de encuentro, di\u00e1logo fraterno para profundizar sobre el Episcopado en medio de nuestros pastores Em\u00e9ritos en lo formativo, y compartir su realidad pastoral a la cual son llamados durante toda su vida.<\/p>\n<div>\u00a0<\/div>\n<div>La Iglesia busca ofrecer una \u00a0atenci\u00f3n especial a aquellos obispos de toda Am\u00e9rica Latina y El Caribe que despu\u00e9s de a\u00f1os de trabajo pastoral y de conducci\u00f3n de las di\u00f3cesis se encuentran en retiro de labores.<\/div>\n<div>\u00a0<\/div>\n<div>Toda persona consagrada al trabajo evangelizador debe permanecer en una constante b\u00fasqueda \u00a0en el profundizar el Misterio de Dios en su vida, en la acci\u00f3n pastoral, en la misma espiritualidad la cual le conducir\u00e1 a descubrir nuevos caminos de misi\u00f3n, la llamada de Dios se prolonga a lo largo de toda la vida y es por ello que se quiere caminar con aquellos hombres de Dios, que han tenido un llamado especial como Pastores, para dar a conocer nuevos caminos de Misi\u00f3n.<\/div>\n<div>\u00a0<\/div>\n<div>Departamento de Comuni\u00f3n Eclesial y Di\u00e1logo \u00a0Celam<\/div>\n<p><a href=\"http:\/\/web.hilo.org.pe\/wp-content\/uploads\/ENCUENTROOBISPOS.jpg\" target=\"_blank\" rel=\"noopener\">Ver archivo adjunto<\/a><\/p>\n","protected":false},"excerpt":{"rendered":"<p>El Evento tendr? como Objetivo, promover un espacio de encuentro, di?logo fraterno para profundizar sobre el Episcopado en medio de nuestros pastores Em?ritos en lo formativo, y compartir su realidad pastoral a la cual son llamados durante toda su vida.<\/p>\n","protected":false},"author":1,"featured_media":7862,"comment_status":"closed","ping_status":"closed","sticky":false,"template":"","format":"standard","meta":{"footnotes":""},"categories":[9],"tags":[],"class_list":["post-2210","post","type-post","status-publish","format-standard","has-post-thumbnail","hentry","category-noticias"],"_links":{"self":[{"href":"https:\/\/ceas.org.pe\/index.php\/wp-json\/wp\/v2\/posts\/2210","targetHints":{"allow":["GET"]}}],"collection":[{"href":"https:\/\/ceas.org.pe\/index.php\/wp-json\/wp\/v2\/posts"}],"about":[{"href":"https:\/\/ceas.org.pe\/index.php\/wp-json\/wp\/v2\/types\/post"}],"author":[{"embeddable":true,"href":"https:\/\/ceas.org.pe\/index.php\/wp-json\/wp\/v2\/users\/1"}],"replies":[{"embeddable":true,"href":"https:\/\/ceas.org.pe\/index.php\/wp-json\/wp\/v2\/comments?post=2210"}],"version-history":[{"count":1,"href":"https:\/\/ceas.org.pe\/index.php\/wp-json\/wp\/v2\/posts\/2210\/revisions"}],"predecessor-version":[{"id":7008,"href":"https:\/\/ceas.org.pe\/index.php\/wp-json\/wp\/v2\/posts\/2210\/revisions\/7008"}],"wp:featuredmedia":[{"embeddable":true,"href":"https:\/\/ceas.org.pe\/index.php\/wp-json\/wp\/v2\/media\/7862"}],"wp:attachment":[{"href":"https:\/\/ceas.org.pe\/index.php\/wp-json\/wp\/v2\/media?parent=2210"}],"wp:term":[{"taxonomy":"category","embeddable":true,"href":"https:\/\/ceas.org.pe\/index.php\/wp-json\/wp\/v2\/categories?post=2210"},{"taxonomy":"post_tag","embeddable":true,"href":"https:\/\/ceas.org.pe\/index.php\/wp-json\/wp\/v2\/tags?post=2210"}],"curies":[{"name":"wp","href":"https:\/\/api.w.org\/{rel}","templated":true}]}}