{"id":2207,"date":"2015-02-19T11:35:23","date_gmt":"2015-02-19T11:35:23","guid":{"rendered":""},"modified":"2026-03-11T09:12:15","modified_gmt":"2026-03-11T14:12:15","slug":"x-taller-latinoamericano-de-autosostenimiento-de-la-obra-evangelizadora","status":"publish","type":"post","link":"https:\/\/ceas.org.pe\/index.php\/2015\/02\/19\/x-taller-latinoamericano-de-autosostenimiento-de-la-obra-evangelizadora\/","title":{"rendered":"X Taller Latinoamericano de Autosostenimiento de la Obra Evangelizadora"},"content":{"rendered":"<p>El Departamento de Comuni\u00f3n Eclesial y Di\u00e1logo en el \u00e1rea de Conferencias Episcopales e Iglesias Particulares realizar\u00e1 el X Taller Latinoamericano de Autosostenimiento de la Obra Evangelizadora, un camino de comuni\u00f3n y vida plena, \u00a0del 20 al 24 de abril 2015 en Guatemala.<\/p>\n<div>\u00a0<\/div>\n<div>El CELAM, a trav\u00e9s del Departamento ha realizado un total de ocho Talleres de Autofinanciaci\u00f3n de la obra evangelizadora de la Iglesia hasta la fecha, Panam\u00e1 en el 2004, Ecuador en el 2005, M\u00e9xico en el 2006, Nicaragua en el 2007, (en Argentina 2007 convoc\u00f3 el Plan Compartir), Honduras en el a\u00f1o 2008, Venezuela en el 2009, Chile en el 2011, Buenos Aires \u2013 Argentina (Etapa I) 2013, Quito \u2013 Ecuador (Etapa II) 2014, hemos programado realizar el X Taller de Autosostenimiento (Etapa III) en Guatemala, que tendr\u00e1 como objetivo Consolidar la concientizaci\u00f3n sobre corresponsabilidad y solidaridad en la Iglesia en Am\u00e9rica Latina y El Caribe, multiplicando y compartiendo las experiencias exitosas de autosostenimiento para lograr ser autosustentables en la obra evangelizadora de la Iglesia.<\/div>\n<div>\u00a0<\/div>\n<div>Es un llamado que se hace a la Iglesia Cat\u00f3lica en el profundizar sobre la solidaridad y la pobreza para compartir con el que tiene mayor necesidad. El X Taller quiere ser un instrumento iluminador para caminar juntos hacia la vida plena y evitar que lo material no sea un obst\u00e1culo en el camino, sino que llegue a ser crecimiento humano y espiritual en la adversidad.<\/div>\n<div>\u00a0<\/div>\n<div>Fuente: Departamento de Comuni\u00f3n Eclesial y Di\u00e1logo<\/div>\n<div>\u00a0<\/div>\n<p><a href=\"http:\/\/web.hilo.org.pe\/wp-content\/uploads\/tallerlatinoamericano.jpg\" target=\"_blank\" rel=\"noopener\">Ver archivo adjunto<\/a><\/p>\n","protected":false},"excerpt":{"rendered":"<p>El Departamento de Comuni?n Eclesial y Di?logo en el ?rea de Conferencias Episcopales e Iglesias Particulares realizar? el X Taller Latinoamericano de Autosostenimiento de la Obra Evangelizadora, un camino de comuni?n y vida plena,  del 20 al 24 de abril 2015 en Guatemala.<\/p>\n","protected":false},"author":1,"featured_media":7960,"comment_status":"closed","ping_status":"closed","sticky":false,"template":"","format":"standard","meta":{"footnotes":""},"categories":[9],"tags":[],"class_list":["post-2207","post","type-post","status-publish","format-standard","has-post-thumbnail","hentry","category-noticias"],"_links":{"self":[{"href":"https:\/\/ceas.org.pe\/index.php\/wp-json\/wp\/v2\/posts\/2207","targetHints":{"allow":["GET"]}}],"collection":[{"href":"https:\/\/ceas.org.pe\/index.php\/wp-json\/wp\/v2\/posts"}],"about":[{"href":"https:\/\/ceas.org.pe\/index.php\/wp-json\/wp\/v2\/types\/post"}],"author":[{"embeddable":true,"href":"https:\/\/ceas.org.pe\/index.php\/wp-json\/wp\/v2\/users\/1"}],"replies":[{"embeddable":true,"href":"https:\/\/ceas.org.pe\/index.php\/wp-json\/wp\/v2\/comments?post=2207"}],"version-history":[{"count":1,"href":"https:\/\/ceas.org.pe\/index.php\/wp-json\/wp\/v2\/posts\/2207\/revisions"}],"predecessor-version":[{"id":7011,"href":"https:\/\/ceas.org.pe\/index.php\/wp-json\/wp\/v2\/posts\/2207\/revisions\/7011"}],"wp:featuredmedia":[{"embeddable":true,"href":"https:\/\/ceas.org.pe\/index.php\/wp-json\/wp\/v2\/media\/7960"}],"wp:attachment":[{"href":"https:\/\/ceas.org.pe\/index.php\/wp-json\/wp\/v2\/media?parent=2207"}],"wp:term":[{"taxonomy":"category","embeddable":true,"href":"https:\/\/ceas.org.pe\/index.php\/wp-json\/wp\/v2\/categories?post=2207"},{"taxonomy":"post_tag","embeddable":true,"href":"https:\/\/ceas.org.pe\/index.php\/wp-json\/wp\/v2\/tags?post=2207"}],"curies":[{"name":"wp","href":"https:\/\/api.w.org\/{rel}","templated":true}]}}