{"id":2206,"date":"2015-02-18T09:53:13","date_gmt":"2015-02-18T09:53:13","guid":{"rendered":""},"modified":"2026-03-11T09:12:15","modified_gmt":"2026-03-11T14:12:15","slug":"cusco-prepara-gran-marcha-en-defensa-de-la-vida-2015","status":"publish","type":"post","link":"https:\/\/ceas.org.pe\/index.php\/2015\/02\/18\/cusco-prepara-gran-marcha-en-defensa-de-la-vida-2015\/","title":{"rendered":"Cusco prepara Gran Marcha en Defensa de la Vida 2015"},"content":{"rendered":"<p>\u00a0La Iglesia Cat\u00f3lica en Cusco, viene coordinando acciones para el desarrollo de la \u201cGran Marcha en Defensa de la Vida\u201d, a efectuarse el 21 de marzo, con motivo de recordarse el 25 de ese mes, el D\u00eda de la Encarnaci\u00f3n del Se\u00f1or Jes\u00fas, el Hijo de Dios en el seno pur\u00edsimo de Santa Mar\u00eda Virgen, y el \u201cD\u00eda del Ni\u00f1o por Nacer\u201d.<\/p>\n<div>\u00a0<\/div>\n<div>El Vicario Episcopal para la Pastoral, Mons. Fredi Aparicio Quispe, inform\u00f3 que se est\u00e1 sosteniendo reuniones de coordinaci\u00f3n con las diferentes comisiones encargadas de la organizaci\u00f3n de esta gran marcha, a la que se suma este a\u00f1o la Red de Comunicadores Cat\u00f3licos del Cusco, un hecho que est\u00e1 seguro garantizar\u00e1 el \u00e9xito de esta gran actividad en nuestra Arquidi\u00f3cesis.<\/div>\n<div>\u00a0<\/div>\n<div>Mons. Fredi Aparicio Quispe, se\u00f1al\u00f3 que la \u201cGran Marcha en Defensa de la Vida\u201d, tendr\u00e1 como todos los a\u00f1os, el lema: \u201cPor una nueva humanidad, seamos la voz de los sin voz\u201d, y que esta vez tendr\u00e1 mayor recorrido, pues se iniciar\u00e1 en el Paseo de los H\u00e9roes y concluir\u00e1 en la Plaza de Armas del Distrito de San Sebasti\u00e1n. Dijo, que esta actividad se realizar\u00e1 en horario de tarde para contar con una masiva participaci\u00f3n de personas comprometidas en la defensa de la vida.<\/div>\n<div>\u00a0<\/div>\n<div>Para finalizar, el Vicario Episcopal para la Pastoral, se dirigi\u00f3 a todas las parroquias, instituciones educativas de todos los niveles, colegios profesionales, instituciones p\u00fablicas y privadas, asociaciones de laicos, asociaciones eclesi\u00e1sticas, centros culturales y fieles en general, para invitarlos participar de este importante evento.<\/div>\n<div>\u00a0<\/div>\n<div>Fuente: arzobispadodelcusco.org<\/div>\n<div>\u00a0<\/div>\n<p><a href=\"http:\/\/web.hilo.org.pe\/wp-content\/uploads\/granmarcha.jpg\" target=\"_blank\" rel=\"noopener\">Ver archivo adjunto<\/a><\/p>\n","protected":false},"excerpt":{"rendered":"<p>La Iglesia Cat?lica en Cusco, viene coordinando acciones para el desarrollo de la ?Gran Marcha en Defensa de la Vida?, a efectuarse el 21 de marzo, con motivo de recordarse el 25 de ese mes, el D?a de la Encarnaci?n del Se?or Jes?s, el Hijo de Dios en el seno pur?simo de Santa Mar?a Virgen, y el ?D?a del Ni?o por Nacer?.<\/p>\n","protected":false},"author":1,"featured_media":7864,"comment_status":"closed","ping_status":"closed","sticky":false,"template":"","format":"standard","meta":{"footnotes":""},"categories":[9],"tags":[],"class_list":["post-2206","post","type-post","status-publish","format-standard","has-post-thumbnail","hentry","category-noticias"],"_links":{"self":[{"href":"https:\/\/ceas.org.pe\/index.php\/wp-json\/wp\/v2\/posts\/2206","targetHints":{"allow":["GET"]}}],"collection":[{"href":"https:\/\/ceas.org.pe\/index.php\/wp-json\/wp\/v2\/posts"}],"about":[{"href":"https:\/\/ceas.org.pe\/index.php\/wp-json\/wp\/v2\/types\/post"}],"author":[{"embeddable":true,"href":"https:\/\/ceas.org.pe\/index.php\/wp-json\/wp\/v2\/users\/1"}],"replies":[{"embeddable":true,"href":"https:\/\/ceas.org.pe\/index.php\/wp-json\/wp\/v2\/comments?post=2206"}],"version-history":[{"count":1,"href":"https:\/\/ceas.org.pe\/index.php\/wp-json\/wp\/v2\/posts\/2206\/revisions"}],"predecessor-version":[{"id":7012,"href":"https:\/\/ceas.org.pe\/index.php\/wp-json\/wp\/v2\/posts\/2206\/revisions\/7012"}],"wp:featuredmedia":[{"embeddable":true,"href":"https:\/\/ceas.org.pe\/index.php\/wp-json\/wp\/v2\/media\/7864"}],"wp:attachment":[{"href":"https:\/\/ceas.org.pe\/index.php\/wp-json\/wp\/v2\/media?parent=2206"}],"wp:term":[{"taxonomy":"category","embeddable":true,"href":"https:\/\/ceas.org.pe\/index.php\/wp-json\/wp\/v2\/categories?post=2206"},{"taxonomy":"post_tag","embeddable":true,"href":"https:\/\/ceas.org.pe\/index.php\/wp-json\/wp\/v2\/tags?post=2206"}],"curies":[{"name":"wp","href":"https:\/\/api.w.org\/{rel}","templated":true}]}}