{"id":2201,"date":"2015-02-17T10:01:11","date_gmt":"2015-02-17T10:01:11","guid":{"rendered":""},"modified":"2026-03-11T09:12:15","modified_gmt":"2026-03-11T14:12:15","slug":"santa-sede-confirmo-fecha-de-beatificacion-de-mortires-de-la-diocesis-de-chimbote","status":"publish","type":"post","link":"https:\/\/ceas.org.pe\/index.php\/2015\/02\/17\/santa-sede-confirmo-fecha-de-beatificacion-de-mortires-de-la-diocesis-de-chimbote\/","title":{"rendered":"Santa Sede confirm\u00f3 fecha de beatificaci\u00f3n de m\u00f3rtires de la Di\u00f3cesis de Chimbote"},"content":{"rendered":"<p>Chimbote en L\u00ednea.- Hace unos instantes la p\u00e1gina web de la Di\u00f3cesis de Chimbote confirm\u00f3 que la Santa Sede le ha comunicado formalmente la fecha de la ceremonia de beatiticaci\u00f3n de los frailes franciscanos Miguel y Zbigniew, y el sacerdote Sandro Dordi; asesinados por miembros de Sendero Luminoso en 1992 cuando desarrollaban su labor misionera; martirios que han sido ya reconocidos por el Papa Francisco.<\/p>\n<div>\u00a0<\/div>\n<div>La nota se\u00f1ala que hoy la Santa Sede comunic\u00f3 a la Di\u00f3cesis de Chimbote \u00a0la fecha del rito de Beatificaci\u00f3n de los m\u00e1rtires Miguel Zbigniew y Sandro, para el s\u00e1bado 5 de diciembre del 2015, cuando la Iglesia celebra la primera semana de Adviento.<\/div>\n<div>\u00a0<\/div>\n<div>La Di\u00f3cesis de Chimbote inform\u00f3 tambi\u00e9n que se ha instalado una Comisi\u00f3n Central que trabajar\u00e1 en la preparaci\u00f3n de este magno acontecimiento eclesial. (Redacci\u00f3n central)<\/div>\n<p><a href=\"http:\/\/web.hilo.org.pe\/wp-content\/uploads\/martiresperuanos.jpg\" target=\"_blank\" rel=\"noopener\">Ver archivo adjunto<\/a><\/p>\n","protected":false},"excerpt":{"rendered":"<p>Chimbote en L?nea.- Hace unos instantes la p?gina web de la Di?cesis de Chimbote confirm? que la Santa Sede le ha comunicado formalmente la fecha de la ceremonia de beatiticaci?n de los frailes franciscanos Miguel y Zbigniew, y el sacerdote Sandro Dordi; asesinados por miembros de Sendero Luminoso en 1992 cuando desarrollaban su labor misionera; martirios que han sido ya reconocidos por el Papa Francisco.<\/p>\n","protected":false},"author":1,"featured_media":7848,"comment_status":"closed","ping_status":"closed","sticky":false,"template":"","format":"standard","meta":{"footnotes":""},"categories":[9],"tags":[],"class_list":["post-2201","post","type-post","status-publish","format-standard","has-post-thumbnail","hentry","category-noticias"],"_links":{"self":[{"href":"https:\/\/ceas.org.pe\/index.php\/wp-json\/wp\/v2\/posts\/2201","targetHints":{"allow":["GET"]}}],"collection":[{"href":"https:\/\/ceas.org.pe\/index.php\/wp-json\/wp\/v2\/posts"}],"about":[{"href":"https:\/\/ceas.org.pe\/index.php\/wp-json\/wp\/v2\/types\/post"}],"author":[{"embeddable":true,"href":"https:\/\/ceas.org.pe\/index.php\/wp-json\/wp\/v2\/users\/1"}],"replies":[{"embeddable":true,"href":"https:\/\/ceas.org.pe\/index.php\/wp-json\/wp\/v2\/comments?post=2201"}],"version-history":[{"count":1,"href":"https:\/\/ceas.org.pe\/index.php\/wp-json\/wp\/v2\/posts\/2201\/revisions"}],"predecessor-version":[{"id":7017,"href":"https:\/\/ceas.org.pe\/index.php\/wp-json\/wp\/v2\/posts\/2201\/revisions\/7017"}],"wp:featuredmedia":[{"embeddable":true,"href":"https:\/\/ceas.org.pe\/index.php\/wp-json\/wp\/v2\/media\/7848"}],"wp:attachment":[{"href":"https:\/\/ceas.org.pe\/index.php\/wp-json\/wp\/v2\/media?parent=2201"}],"wp:term":[{"taxonomy":"category","embeddable":true,"href":"https:\/\/ceas.org.pe\/index.php\/wp-json\/wp\/v2\/categories?post=2201"},{"taxonomy":"post_tag","embeddable":true,"href":"https:\/\/ceas.org.pe\/index.php\/wp-json\/wp\/v2\/tags?post=2201"}],"curies":[{"name":"wp","href":"https:\/\/api.w.org\/{rel}","templated":true}]}}