{"id":2200,"date":"2015-02-16T11:06:02","date_gmt":"2015-02-16T11:06:02","guid":{"rendered":""},"modified":"2026-03-11T09:12:15","modified_gmt":"2026-03-11T14:12:15","slug":"ceas-prepara-xii-semana-social-nacional","status":"publish","type":"post","link":"https:\/\/ceas.org.pe\/index.php\/2015\/02\/16\/ceas-prepara-xii-semana-social-nacional\/","title":{"rendered":"CEAS prepara XII Semana Social Nacional"},"content":{"rendered":"<div>En el marco del 50 aniversario de CEAS se realizar\u00e1 la XII Semana Social Nacional, del 11 al 13 de marzo, con el tema \u201cDi\u00e1logo para la Inclusi\u00f3n Social y la Construcci\u00f3n de Paz en el Per\u00fa\u201d; con el objetivo de reflexionar sobre el significado de la labor de CEAS en la Iglesia y el pa\u00eds, desde la Doctrina Social de la Iglesia por la defensa y promoci\u00f3n de los derechos humanos, especialmente de la gente m\u00e1s empobrecida y excluida. Ver el programa completo. \u00a0<\/div>\n<div>\u00a0<\/div>\n<div><strong>XII SEMANA SOCIAL NACIONAL<\/strong><\/div>\n<div><strong>\u201cDi\u00e1logo para la Inclusi\u00f3n Social y la Construcci\u00f3n de Paz en el Per\u00fa\u201d<\/strong><\/div>\n<div>\u00a0<\/div>\n<div>11 al 13 de marzo de 2015 en Auditorio del Colegio de Jes\u00fas de 6 a 9 p.m.<\/div>\n<div>Av. Brasil 2470, Pueblo Libre &#8211; Lima<\/div>\n<div>\u00a0<\/div>\n<div><strong>Mi\u00e9rcoles, 11 de marzo<\/strong><\/div>\n<div><strong>TEMA: \u201cLA INCLUSION SOCIAL \u00a0EN EL MUNDO DE HOY\u201d<\/strong><\/div>\n<div>5:00 p.m. \u00a0Eucarist\u00eda por los 50 a\u00f1os de CEAS. Capilla del Colegio de Jes\u00fas<\/div>\n<div>6:30 p.m. \u00a0Saludo e inauguraci\u00f3n: Monse\u00f1or H\u00e9ctor Vera Obispo de Ica y Presidente de CEAS<\/div>\n<div>6:45 p.m. PANEL<\/div>\n<div>Expositor:R. P. Paulo C\u00e9sar Barajas Garc\u00eda, del Pontificio Consejo Justicia y Paz de Roma<\/div>\n<div>Panelistas:Dra. Marisol Espinoza Cruz, Vice-Presidente de la Rep\u00fablica (sector pol\u00edtico)<\/div>\n<div>Sra. Relinda Sosa, Confederaci\u00f3n de Mujeres Organizadas por la Vida y el Desarrollo Integral, \u00a0(sector social)<\/div>\n<div>8:00 p.m. Descanso<\/div>\n<div>8:30 p.m. Di\u00e1logo y respuestas<\/div>\n<div>9:00 p.m. Resumen y conclusiones<\/div>\n<div>\u00a0<\/div>\n<div><strong>Jueves, 12 de marzo<\/strong><\/div>\n<div><strong>TEMA: \u201cEL DIALOGO PARA LA PAZ Y EL DESARROLLO EN EL PERU\u201d<\/strong><\/div>\n<div>\u00a0<\/div>\n<div>6:00 p.m. Oraci\u00f3n<\/div>\n<div>6:10 p.m. Resumen del d\u00eda anterior<\/div>\n<div>6:15 p.m. Presentaci\u00f3n del d\u00eda y del panel<\/div>\n<div>6:20 p.m. \u00a0PANEL<\/div>\n<div>Expositor: Comunidad de Sant\u00b4Egidio, Roma*<\/div>\n<div>Panelistas:Dr. Javier Igu\u00ed\u00f1iz, Acuerdo Nacional, Sr. Julio C\u00e9sar Baz\u00e1n (sector social), \u00a0y representante del sector empresarial *<\/div>\n<div>8:00 p.m. Descanso<\/div>\n<div>8:30 p.m. Di\u00e1logo y respuestas<\/div>\n<div>9:00 p.m. Fin de la jornada y resumen<\/div>\n<div>\u00a0<\/div>\n<div><strong><br \/>\n<\/strong><\/div>\n<div><strong>Viernes, 13 de marzo<\/strong><\/div>\n<div><strong>TEMA: \u201cDESAFIOS PARA LA CONSTRUCCION DE PAZ EN EL PERU Y EN EL MUNDO\u201d<\/strong><\/div>\n<div>\u00a0<\/div>\n<div>6:00 p.m. Oraci\u00f3n<\/div>\n<div>6:10 p.m. Resumen del d\u00eda anterior<\/div>\n<div>6:15 p.m. Presentaci\u00f3n del D\u00eda y del panel<\/div>\n<div>6:20 p.m.PANEL<\/div>\n<div>Expositor: Dr. Carlos Ferr\u00e9 (Red latinoamericana de Pensamiento Social de la Iglesia)<\/div>\n<div>Panelistas: \u00a0Dra. Marisol P\u00e9rez Tello (sector de la pol\u00edtica), dirigente ind\u00edgena (sector social) \u00a0y representante del Sector acad\u00e9mico\/Cooperaci\u00f3n internacional *<\/div>\n<div>8:00 p.m. Descanso<\/div>\n<div>8:30 p.m. Di\u00e1logo y respuestas<\/div>\n<div>9:00 p.m. Fin de la jornada, resumen y oraci\u00f3n<\/div>\n<div>\u00a0<\/div>\n<div>*Por confirmar<\/div>\n<div>\u00a0<\/div>\n<div>\u00a0<\/div>\n<div><strong>ENCUENTROS NACIONALES DE DELEGADOS DE PASTORALES SOCIALES<\/strong><\/div>\n<div>Durante dichos d\u00edas se tendr\u00eda por las ma\u00f1anas y tarde, antes del foro, los siguientes Encuentros \u00a0descentralizados de pastorales sociales:<\/div>\n<div>Encuentro Nacional de Pastoral de C\u00e1rceles<\/div>\n<div>Encuentro Nacional de Pastoral del Cuidado de los Bienes de la Creaci\u00f3n<\/div>\n<div>Encuentro Nacional de Pastoral de Derechos Humanos<\/div>\n<div>\u00a0<\/div>\n<p><a href=\"http:\/\/web.hilo.org.pe\/wp-content\/uploads\/logoaniversario.jpg\" target=\"_blank\" rel=\"noopener\">Ver archivo adjunto<\/a><\/p>\n","protected":false},"excerpt":{"rendered":"<p>En el marco del 50 aniversario de CEAS se realizar? la XII Semana Social Nacional, del 11 al 13 de marzo, con el tema ?Di?logo para la Inclusi?n Social y la Construcci?n de Paz en el Per??; con el objetivo de reflexionar sobre el significado de la labor de CEAS en la Iglesia y el pa?s, desde la Doctrina Social de la Iglesia por la defensa y promoci?n de los derechos humanos, especialmente de la gente m?s empobrecida y excluida. Ver el programa completo.<\/p>\n","protected":false},"author":1,"featured_media":7992,"comment_status":"closed","ping_status":"closed","sticky":false,"template":"","format":"standard","meta":{"footnotes":""},"categories":[9],"tags":[],"class_list":["post-2200","post","type-post","status-publish","format-standard","has-post-thumbnail","hentry","category-noticias"],"_links":{"self":[{"href":"https:\/\/ceas.org.pe\/index.php\/wp-json\/wp\/v2\/posts\/2200","targetHints":{"allow":["GET"]}}],"collection":[{"href":"https:\/\/ceas.org.pe\/index.php\/wp-json\/wp\/v2\/posts"}],"about":[{"href":"https:\/\/ceas.org.pe\/index.php\/wp-json\/wp\/v2\/types\/post"}],"author":[{"embeddable":true,"href":"https:\/\/ceas.org.pe\/index.php\/wp-json\/wp\/v2\/users\/1"}],"replies":[{"embeddable":true,"href":"https:\/\/ceas.org.pe\/index.php\/wp-json\/wp\/v2\/comments?post=2200"}],"version-history":[{"count":1,"href":"https:\/\/ceas.org.pe\/index.php\/wp-json\/wp\/v2\/posts\/2200\/revisions"}],"predecessor-version":[{"id":7018,"href":"https:\/\/ceas.org.pe\/index.php\/wp-json\/wp\/v2\/posts\/2200\/revisions\/7018"}],"wp:featuredmedia":[{"embeddable":true,"href":"https:\/\/ceas.org.pe\/index.php\/wp-json\/wp\/v2\/media\/7992"}],"wp:attachment":[{"href":"https:\/\/ceas.org.pe\/index.php\/wp-json\/wp\/v2\/media?parent=2200"}],"wp:term":[{"taxonomy":"category","embeddable":true,"href":"https:\/\/ceas.org.pe\/index.php\/wp-json\/wp\/v2\/categories?post=2200"},{"taxonomy":"post_tag","embeddable":true,"href":"https:\/\/ceas.org.pe\/index.php\/wp-json\/wp\/v2\/tags?post=2200"}],"curies":[{"name":"wp","href":"https:\/\/api.w.org\/{rel}","templated":true}]}}