{"id":2198,"date":"2015-02-13T10:27:37","date_gmt":"2015-02-13T10:27:37","guid":{"rendered":""},"modified":"2026-03-11T09:12:15","modified_gmt":"2026-03-11T14:12:15","slug":"papa-nombro-a-representante-de-la-santa-sede-ante-la-fao","status":"publish","type":"post","link":"https:\/\/ceas.org.pe\/index.php\/2015\/02\/13\/papa-nombro-a-representante-de-la-santa-sede-ante-la-fao\/","title":{"rendered":"Papa nombr\u00f3 a representante de la Santa Sede ante la FAO"},"content":{"rendered":"<p>El Papa ha designado a monse\u00f1or Fernando Chica representante permanente de la Santa Sede ante la Organizaci\u00f3n para la Alimentaci\u00f3n y la Agricultura, el organismo especializado de la ONU que dirige las actividades internacionales encaminadas a erradicar el hambre, conocido como FAO por sus siglas en ingl\u00e9s.<\/p>\n<div>\u00a0<\/div>\n<div>Nacido en Meng\u00edbar (Jaen), fue ordenado sacerdote ejerciendo en diferentes parroquias de la Di\u00f3cesis de Ja\u00e9n, as\u00ed como, director de la residencia universitaria Cardenal Merino de Ja\u00e9n hasta que viaj\u00f3 a Roma a ampliar su formaci\u00f3n.<\/div>\n<div>\u00a0<\/div>\n<div>Chica tiene una firme trayectoria diplom\u00e1tica. Ha sido nuncio apost\u00f3lico en Colombia. En 2006 fue diplom\u00e1tico en la Misi\u00f3n Permanente de la Santa Sede ante la Organizaci\u00f3n de Naciones Unidas en Ginebra, hasta que, en junio de 2007, fue nombrado Jefe de la Secci\u00f3n Espa\u00f1ola y encargado de asuntos de lengua espa\u00f1ola de la Secretar\u00eda de Estado de la Santa Sede, por lo que acompa\u00f1\u00f3 a Benedicto XVI en las recepciones institucionales de sus visitas pastorales a Espa\u00f1a en 2010 y 2011.<\/div>\n<div>\u00a0<\/div>\n<div>El 10 de junio de 2008 fue nombrado por el entonces secretario de Estado, cardenal Tarcisio Bertone, asistente del Presidente de la Pontificia Academia Eclesi\u00e1stica, Beniamino Stella, conservando su anterior puesto.<\/div>\n<div>\u00a0<\/div>\n<div>Fuente: celam.org<\/div>\n<div>\u00a0<\/div>\n<div>\u00a0<\/div>\n<p><a href=\"http:\/\/web.hilo.org.pe\/wp-content\/uploads\/fao.jpg\" target=\"_blank\" rel=\"noopener\">Ver archivo adjunto<\/a><\/p>\n","protected":false},"excerpt":{"rendered":"<p>El Papa ha designado a monse?or Fernando Chica representante permanente de la Santa Sede ante la Organizaci?n para la Alimentaci?n y la Agricultura, el organismo especializado de la ONU que dirige las actividades internacionales encaminadas a erradicar el hambre, conocido como FAO por sus siglas en ingl?s.<\/p>\n","protected":false},"author":1,"featured_media":7957,"comment_status":"closed","ping_status":"closed","sticky":false,"template":"","format":"standard","meta":{"footnotes":""},"categories":[9],"tags":[],"class_list":["post-2198","post","type-post","status-publish","format-standard","has-post-thumbnail","hentry","category-noticias"],"_links":{"self":[{"href":"https:\/\/ceas.org.pe\/index.php\/wp-json\/wp\/v2\/posts\/2198","targetHints":{"allow":["GET"]}}],"collection":[{"href":"https:\/\/ceas.org.pe\/index.php\/wp-json\/wp\/v2\/posts"}],"about":[{"href":"https:\/\/ceas.org.pe\/index.php\/wp-json\/wp\/v2\/types\/post"}],"author":[{"embeddable":true,"href":"https:\/\/ceas.org.pe\/index.php\/wp-json\/wp\/v2\/users\/1"}],"replies":[{"embeddable":true,"href":"https:\/\/ceas.org.pe\/index.php\/wp-json\/wp\/v2\/comments?post=2198"}],"version-history":[{"count":1,"href":"https:\/\/ceas.org.pe\/index.php\/wp-json\/wp\/v2\/posts\/2198\/revisions"}],"predecessor-version":[{"id":7020,"href":"https:\/\/ceas.org.pe\/index.php\/wp-json\/wp\/v2\/posts\/2198\/revisions\/7020"}],"wp:featuredmedia":[{"embeddable":true,"href":"https:\/\/ceas.org.pe\/index.php\/wp-json\/wp\/v2\/media\/7957"}],"wp:attachment":[{"href":"https:\/\/ceas.org.pe\/index.php\/wp-json\/wp\/v2\/media?parent=2198"}],"wp:term":[{"taxonomy":"category","embeddable":true,"href":"https:\/\/ceas.org.pe\/index.php\/wp-json\/wp\/v2\/categories?post=2198"},{"taxonomy":"post_tag","embeddable":true,"href":"https:\/\/ceas.org.pe\/index.php\/wp-json\/wp\/v2\/tags?post=2198"}],"curies":[{"name":"wp","href":"https:\/\/api.w.org\/{rel}","templated":true}]}}