{"id":2197,"date":"2015-02-13T10:24:26","date_gmt":"2015-02-13T10:24:26","guid":{"rendered":""},"modified":"2026-03-11T09:12:15","modified_gmt":"2026-03-11T14:12:15","slug":"diocesis-de-callao-reimpulsa-animacion-diocesana-para-la-mision-continental","status":"publish","type":"post","link":"https:\/\/ceas.org.pe\/index.php\/2015\/02\/13\/diocesis-de-callao-reimpulsa-animacion-diocesana-para-la-mision-continental\/","title":{"rendered":"Di\u00f3cesis de Callao reimpulsa animaci\u00f3n diocesana para la Misi\u00f3n Continental"},"content":{"rendered":"<p>Comunicamos a los fieles del Callao que se ha conformado un nuevo equipo en la coordinaci\u00f3n y animaci\u00f3n diocesana de la Misi\u00f3n Continental.<\/p>\n<div>\u00a0<\/div>\n<div>La responsabilidad del coordinador recae en el hermano Demetrio V\u00e1squez Calder\u00f3n, quien pertenece a la Parroquia Sagrada Familia. El secretario de formaci\u00f3n: Luis Yangali Gamarra, de la Parroquia San Jos\u00e9; Secretario de Econom\u00eda: Francisco Cartagena, de la Parroquia Santa Rosa. \u00a0Por su parte, en la Secretar\u00eda Pastoral y Social se encuentra, Luisa Mogoll\u00f3n L\u00f3pez, de la Parroquia San Gabriel de la Dolorosa; en Animaci\u00f3n, Teresa Ballona, de la Parroquia Santa Rosa; Secretaria de Actividades, Edith Moreno Arias, de la Parroquia, de la Parroquia Sagrada Familia. Finalmente, la Secretaria de Actas, Teresa C\u00f3rdova, de la Parroquia Santo Toribio de Mogrovejo.<\/div>\n<div>\u00a0<\/div>\n<div>Felicitamos a los nuevos integrantes de este equipo quienes ser\u00e1n los encargados de organizar las pr\u00f3ximas operaciones contacto en nuestra di\u00f3cesis, de esa manera los laicos continuaran evangelizando, visitando los barrios del Primer Puerto.<\/div>\n<div>\u00a0<\/div>\n<div>Asimismo, agradecemos al equipo anterior por la dedicaci\u00f3n y el celo por la evangelizaci\u00f3n en el Callao.\u00a0<\/div>\n<div>\u00a0<\/div>\n<div>Fuente: diocesisdelcallao.org<\/div>\n<p><a href=\"http:\/\/web.hilo.org.pe\/wp-content\/uploads\/diocesisdelcallao.jpg\" target=\"_blank\" rel=\"noopener\">Ver archivo adjunto<\/a><\/p>\n","protected":false},"excerpt":{"rendered":"<p>Comunicamos a los fieles del Callao que se ha conformado un nuevo equipo en la coordinaci?n y animaci?n diocesana de la Misi?n Continental.<\/p>\n","protected":false},"author":1,"featured_media":8046,"comment_status":"closed","ping_status":"closed","sticky":false,"template":"","format":"standard","meta":{"footnotes":""},"categories":[9],"tags":[],"class_list":["post-2197","post","type-post","status-publish","format-standard","has-post-thumbnail","hentry","category-noticias"],"_links":{"self":[{"href":"https:\/\/ceas.org.pe\/index.php\/wp-json\/wp\/v2\/posts\/2197","targetHints":{"allow":["GET"]}}],"collection":[{"href":"https:\/\/ceas.org.pe\/index.php\/wp-json\/wp\/v2\/posts"}],"about":[{"href":"https:\/\/ceas.org.pe\/index.php\/wp-json\/wp\/v2\/types\/post"}],"author":[{"embeddable":true,"href":"https:\/\/ceas.org.pe\/index.php\/wp-json\/wp\/v2\/users\/1"}],"replies":[{"embeddable":true,"href":"https:\/\/ceas.org.pe\/index.php\/wp-json\/wp\/v2\/comments?post=2197"}],"version-history":[{"count":1,"href":"https:\/\/ceas.org.pe\/index.php\/wp-json\/wp\/v2\/posts\/2197\/revisions"}],"predecessor-version":[{"id":7021,"href":"https:\/\/ceas.org.pe\/index.php\/wp-json\/wp\/v2\/posts\/2197\/revisions\/7021"}],"wp:featuredmedia":[{"embeddable":true,"href":"https:\/\/ceas.org.pe\/index.php\/wp-json\/wp\/v2\/media\/8046"}],"wp:attachment":[{"href":"https:\/\/ceas.org.pe\/index.php\/wp-json\/wp\/v2\/media?parent=2197"}],"wp:term":[{"taxonomy":"category","embeddable":true,"href":"https:\/\/ceas.org.pe\/index.php\/wp-json\/wp\/v2\/categories?post=2197"},{"taxonomy":"post_tag","embeddable":true,"href":"https:\/\/ceas.org.pe\/index.php\/wp-json\/wp\/v2\/tags?post=2197"}],"curies":[{"name":"wp","href":"https:\/\/api.w.org\/{rel}","templated":true}]}}