{"id":2195,"date":"2015-02-12T09:42:57","date_gmt":"2015-02-12T09:42:57","guid":{"rendered":""},"modified":"2026-03-11T09:12:15","modified_gmt":"2026-03-11T14:12:15","slug":"primer-laico-directivo-del-cebitepal","status":"publish","type":"post","link":"https:\/\/ceas.org.pe\/index.php\/2015\/02\/12\/primer-laico-directivo-del-cebitepal\/","title":{"rendered":"Primer laico directivo del CEBITEPAL"},"content":{"rendered":"<p>Informan (y con mucha alegr\u00eda) desde el CEBITEPAL sobre la designaci\u00f3n del \u00a0Dr. Patricio Andr\u00e9s Merino Beas como director de la Escuela Teol\u00f3gica de dicho organismo que forma parte del CELAM:<\/p>\n<div>\u00a0<\/div>\n<div>\u201cCon alegr\u00eda y como un signo de la corresponsabilidad que los laicos deben tener en los diversos servicios en la Iglesia hemos visto la designaci\u00f3n del Dr. Patricio Andr\u00e9s Merino Beas como director de la Escuela Teol\u00f3gica del CEBITEPAL (Centro B\u00edblico Teol\u00f3gico Pastoral para Am\u00e9rica Latina).<\/div>\n<div>\u00a0<\/div>\n<div>\u201dEl CEBITEPAL es el centro de formaci\u00f3n del Consejo Episcopal Latinoamericano. Su tarea consiste en la formaci\u00f3n de los \u00a0agentes al servicio de la evangelizaci\u00f3n en las iglesias de Am\u00e9rica Latina y El Caribe en las \u00a0\u00e1reas del saber b\u00edblico, teol\u00f3gico y la dimensi\u00f3n social de la evangelizaci\u00f3n. Tiene una amplia gama de propuestas formativas entre las que se cuentan diplomados, cursos, cursos on line, cursos regionales, adem\u00e1s de una licenciatura can\u00f3nica en teolog\u00eda con dos \u00e9nfasis y un doctorado en teolog\u00eda.<\/div>\n<div>\u00a0<\/div>\n<div>\u201dEl Dr. Merino tiene una amplia experiencia en la ense\u00f1anza de la Teolog\u00eda y cuenta con varias publicaciones. Es docente de la Universidad Cat\u00f3lica de la Sant\u00edsima Concepci\u00f3n en Chile, quien lo ha cedido para prestar este servicio entre nosotros. A la vez se ha desempe\u00f1ado como decano de la Facultad de Teolog\u00eda de la Universidad Santo Tom\u00e1s en Bogot\u00e1, en la que actualmente es docente de la facultad de teolog\u00eda. Es el primer laico en toda la historia de los diversos centros de formaci\u00f3n del CELAM en asumir una responsabilidad directiva.<\/div>\n<div>\u00a0<\/div>\n<div>\u201dLe damos la bienvenida al Dr. Merino a nuestra comunidad formativa y pedimos a Dios que su servicio sea de mucho provecho para la formaci\u00f3n de los agentes al servicio de la evangelizaci\u00f3n de nuestras Iglesias\u201d.<\/div>\n<div>\u00a0<\/div>\n<div>FUENTE: CEBITEPAL<\/div>\n<p><a href=\"http:\/\/web.hilo.org.pe\/wp-content\/uploads\/primerlaico.jpg\" target=\"_blank\" rel=\"noopener\">Ver archivo adjunto<\/a><\/p>\n","protected":false},"excerpt":{"rendered":"<p>Informan (y con mucha alegr?a) desde el CEBITEPAL sobre la designaci?n del  Dr. Patricio Andr?s Merino Beas como director de la Escuela Teol?gica de dicho organismo que forma parte del CELAM:<\/p>\n","protected":false},"author":1,"featured_media":8044,"comment_status":"closed","ping_status":"closed","sticky":false,"template":"","format":"standard","meta":{"footnotes":""},"categories":[9],"tags":[],"class_list":["post-2195","post","type-post","status-publish","format-standard","has-post-thumbnail","hentry","category-noticias"],"_links":{"self":[{"href":"https:\/\/ceas.org.pe\/index.php\/wp-json\/wp\/v2\/posts\/2195","targetHints":{"allow":["GET"]}}],"collection":[{"href":"https:\/\/ceas.org.pe\/index.php\/wp-json\/wp\/v2\/posts"}],"about":[{"href":"https:\/\/ceas.org.pe\/index.php\/wp-json\/wp\/v2\/types\/post"}],"author":[{"embeddable":true,"href":"https:\/\/ceas.org.pe\/index.php\/wp-json\/wp\/v2\/users\/1"}],"replies":[{"embeddable":true,"href":"https:\/\/ceas.org.pe\/index.php\/wp-json\/wp\/v2\/comments?post=2195"}],"version-history":[{"count":1,"href":"https:\/\/ceas.org.pe\/index.php\/wp-json\/wp\/v2\/posts\/2195\/revisions"}],"predecessor-version":[{"id":7023,"href":"https:\/\/ceas.org.pe\/index.php\/wp-json\/wp\/v2\/posts\/2195\/revisions\/7023"}],"wp:featuredmedia":[{"embeddable":true,"href":"https:\/\/ceas.org.pe\/index.php\/wp-json\/wp\/v2\/media\/8044"}],"wp:attachment":[{"href":"https:\/\/ceas.org.pe\/index.php\/wp-json\/wp\/v2\/media?parent=2195"}],"wp:term":[{"taxonomy":"category","embeddable":true,"href":"https:\/\/ceas.org.pe\/index.php\/wp-json\/wp\/v2\/categories?post=2195"},{"taxonomy":"post_tag","embeddable":true,"href":"https:\/\/ceas.org.pe\/index.php\/wp-json\/wp\/v2\/tags?post=2195"}],"curies":[{"name":"wp","href":"https:\/\/api.w.org\/{rel}","templated":true}]}}