{"id":2194,"date":"2015-02-11T11:12:55","date_gmt":"2015-02-11T11:12:55","guid":{"rendered":""},"modified":"2026-03-11T09:12:15","modified_gmt":"2026-03-11T14:12:15","slug":"nuevo-directorio-de-coritas-del-pero-2015-2018","status":"publish","type":"post","link":"https:\/\/ceas.org.pe\/index.php\/2015\/02\/11\/nuevo-directorio-de-coritas-del-pero-2015-2018\/","title":{"rendered":"Nuevo directorio de C\u00f3ritas del Per\u00f3 2015-2018"},"content":{"rendered":"<p>El 24 de enero de 2015, en Primera Asamblea Ordinaria de Obispos Asociados de C\u00e1ritas del Per\u00fa se hizo la elecci\u00f3n del nuevo Directorio, habi\u00e9ndose elegido por unanimidad para un nuevo mandato a Monse\u00f1or Richard Daniel Alarc\u00f3n Urrutia como Presidente de C\u00e1ritas del Per\u00fa.<\/p>\n<div>\u00a0<\/div>\n<div>As\u00ed, el Directorio de C\u00e1ritas del Per\u00fa est\u00e1 conformado por:<\/div>\n<div>\u00a0<\/div>\n<div>Presidente: Monse\u00f1or Richard Daniel Alarc\u00f3n Urrutia, Arzobispo Metropolitano del Cusco<\/div>\n<div>Primer Vicepresidente: Monse\u00f1or H\u00e9ctor Eduardo Vera Colona, Obispo de Ica<\/div>\n<div>Segundo Vicepresidente: Monse\u00f1or Fortunato Pablo Urcey, Obispo Prelado de Chota<\/div>\n<div>Vocal: Monse\u00f1or Pedro Barreto Jimeno, Arzobispo Metropolitano de Huancayo<\/div>\n<div>Vocal: Monse\u00f1or Sebasti\u00e1n Ramis Torrens, Obispo Prelado de Huamachuco<\/div>\n<div>Vocal: Monse\u00f1or Jos\u00e9 Carmelo Mart\u00ednez L\u00e1zaro, Obispo de Cajamarca<\/div>\n<div>Vocal: Monse\u00f1or Ivo Baldi Gaburri, Obispo Prelado de Huari<\/div>\n<div>Vocal: Monse\u00f1or Daniel Thomas Turley Murphy, Obispo de Chulucanas<\/div>\n<div>\u00a0<\/div>\n<div>Pidamos a nuestro buen Dios, la bendici\u00f3n, sabidur\u00eda y el efectivo acompa\u00f1amiento de este nuevo Directorio a las actividades de la Red de C\u00e1ritas en el Per\u00fa. \u2014 con Orlando No\u00e9 V\u00e1squez Cabrera y Jos\u00e9 Carmelo Mart\u00ednez L\u00e1zaro.<\/div>\n<div>\u00a0<\/div>\n<div>Fuente: facebook<\/div>\n<p><a href=\"http:\/\/web.hilo.org.pe\/wp-content\/uploads\/nuevo directorio.png\" target=\"_blank\" rel=\"noopener\">Ver archivo adjunto<\/a><\/p>\n","protected":false},"excerpt":{"rendered":"<p>El 24 de enero de 2015, en Primera Asamblea Ordinaria de Obispos Asociados de C?ritas del Per? se hizo la elecci?n del nuevo Directorio, habi?ndose elegido por unanimidad para un nuevo mandato a Monse?or Richard Daniel Alarc?n Urrutia como Presidente de C?ritas del Per?.<\/p>\n","protected":false},"author":1,"featured_media":8043,"comment_status":"closed","ping_status":"closed","sticky":false,"template":"","format":"standard","meta":{"footnotes":""},"categories":[9],"tags":[],"class_list":["post-2194","post","type-post","status-publish","format-standard","has-post-thumbnail","hentry","category-noticias"],"_links":{"self":[{"href":"https:\/\/ceas.org.pe\/index.php\/wp-json\/wp\/v2\/posts\/2194","targetHints":{"allow":["GET"]}}],"collection":[{"href":"https:\/\/ceas.org.pe\/index.php\/wp-json\/wp\/v2\/posts"}],"about":[{"href":"https:\/\/ceas.org.pe\/index.php\/wp-json\/wp\/v2\/types\/post"}],"author":[{"embeddable":true,"href":"https:\/\/ceas.org.pe\/index.php\/wp-json\/wp\/v2\/users\/1"}],"replies":[{"embeddable":true,"href":"https:\/\/ceas.org.pe\/index.php\/wp-json\/wp\/v2\/comments?post=2194"}],"version-history":[{"count":1,"href":"https:\/\/ceas.org.pe\/index.php\/wp-json\/wp\/v2\/posts\/2194\/revisions"}],"predecessor-version":[{"id":7024,"href":"https:\/\/ceas.org.pe\/index.php\/wp-json\/wp\/v2\/posts\/2194\/revisions\/7024"}],"wp:featuredmedia":[{"embeddable":true,"href":"https:\/\/ceas.org.pe\/index.php\/wp-json\/wp\/v2\/media\/8043"}],"wp:attachment":[{"href":"https:\/\/ceas.org.pe\/index.php\/wp-json\/wp\/v2\/media?parent=2194"}],"wp:term":[{"taxonomy":"category","embeddable":true,"href":"https:\/\/ceas.org.pe\/index.php\/wp-json\/wp\/v2\/categories?post=2194"},{"taxonomy":"post_tag","embeddable":true,"href":"https:\/\/ceas.org.pe\/index.php\/wp-json\/wp\/v2\/tags?post=2194"}],"curies":[{"name":"wp","href":"https:\/\/api.w.org\/{rel}","templated":true}]}}