{"id":2190,"date":"2015-02-09T12:27:39","date_gmt":"2015-02-09T12:27:39","guid":{"rendered":""},"modified":"2026-03-11T09:12:16","modified_gmt":"2026-03-11T14:12:16","slug":"mons-joso-javier-travieso-nuevo-obispo-de-san-joso-del-amazonas","status":"publish","type":"post","link":"https:\/\/ceas.org.pe\/index.php\/2015\/02\/09\/mons-joso-javier-travieso-nuevo-obispo-de-san-joso-del-amazonas\/","title":{"rendered":"Mons. Jos\u00f3 Javier Travieso, nuevo obispo de San Jos\u00f3 del Amazonas"},"content":{"rendered":"<p>\u00a0El domingo 1 de febrero, en Indiana (Per\u00fa), Mons. Jos\u00e9 Javier Travieso Mart\u00edn, presidente de la Comisi\u00f3n Episcopal de Cultura y Educaci\u00f3n, tom\u00f3 posesi\u00f3n como Vicario Apost\u00f3lico de San Jos\u00e9 del Amazonas.<\/p>\n<div>\u00a0<\/div>\n<div>La eucarist\u00eda fue presidida por el Nuncio de Su Santidad en Per\u00fa, Mons. James Patrick Green, y concelebrada por 17 obispos, encabezados por Mons. Salvador Pi\u00f1eiro, Arzobispo de Ayacucho y Presidente de la Conferencia Episcopal Peruana, numerosos presb\u00edteros y con la participaci\u00f3n de religiosas, agentes de pastoral, autoridades del pueblo de Indiana y la mayor\u00eda de la poblaci\u00f3n.<\/div>\n<div>\u00a0<\/div>\n<div>La celebraci\u00f3n eucar\u00edstica, que tuvo lugar en el coliseo del pueblo, estuvo precedida por una procesi\u00f3n en la que tomaron parte un grupo de danza ind\u00edgena, formado por las etnias Bora y Kichua, quienes durante la Eucarist\u00eda presentaron la Palabra de Dios, antes de las lecturas, y la presentaci\u00f3n de dones en el ofertorio.<\/div>\n<div>\u00a0<\/div>\n<div>Quienes formamos parte de la Comisi\u00f3n Episcopal que preside Mons. Javier Travieso, nos alegramos con su nuevo nombramiento y le aseguramos nuestra oraci\u00f3n para que el Se\u00f1or Jes\u00fas haga fecunda su misi\u00f3n en la Amazon\u00eda peruana.<\/div>\n<div>\u00a0<\/div>\n<div>Compartimos con uds. algunas fotos de la llegada de Mons. Travieso a su nueva misi\u00f3n y la calurosa acogida de su gente. Muchas gracias por los d\u00edas compartidos en la fe y en la caridad.<\/div>\n<div>\u00a0<\/div>\n<div>Unidos siempre en la oraci\u00f3n y la misi\u00f3n. (P. Jaume Benaloy Marco<\/div>\n<div>Secretario ejecutivo de la Comisi\u00f3n Episcopal de Cultura y Educaci\u00f3n)\u00a0<\/div>\n<p><a href=\"http:\/\/web.hilo.org.pe\/wp-content\/uploads\/travieso2.jpg\" target=\"_blank\" rel=\"noopener\">Ver archivo adjunto<\/a><\/p>\n","protected":false},"excerpt":{"rendered":"<p>El domingo 1 de febrero, en Indiana (Per?), Mons. Jos? Javier Travieso Mart?n, presidente de la Comisi?n Episcopal de Cultura y Educaci?n, tom? posesi?n como Vicario Apost?lico de San Jos? del Amazonas.<\/p>\n","protected":false},"author":1,"featured_media":7884,"comment_status":"closed","ping_status":"closed","sticky":false,"template":"","format":"standard","meta":{"footnotes":""},"categories":[9],"tags":[],"class_list":["post-2190","post","type-post","status-publish","format-standard","has-post-thumbnail","hentry","category-noticias"],"_links":{"self":[{"href":"https:\/\/ceas.org.pe\/index.php\/wp-json\/wp\/v2\/posts\/2190","targetHints":{"allow":["GET"]}}],"collection":[{"href":"https:\/\/ceas.org.pe\/index.php\/wp-json\/wp\/v2\/posts"}],"about":[{"href":"https:\/\/ceas.org.pe\/index.php\/wp-json\/wp\/v2\/types\/post"}],"author":[{"embeddable":true,"href":"https:\/\/ceas.org.pe\/index.php\/wp-json\/wp\/v2\/users\/1"}],"replies":[{"embeddable":true,"href":"https:\/\/ceas.org.pe\/index.php\/wp-json\/wp\/v2\/comments?post=2190"}],"version-history":[{"count":1,"href":"https:\/\/ceas.org.pe\/index.php\/wp-json\/wp\/v2\/posts\/2190\/revisions"}],"predecessor-version":[{"id":7028,"href":"https:\/\/ceas.org.pe\/index.php\/wp-json\/wp\/v2\/posts\/2190\/revisions\/7028"}],"wp:featuredmedia":[{"embeddable":true,"href":"https:\/\/ceas.org.pe\/index.php\/wp-json\/wp\/v2\/media\/7884"}],"wp:attachment":[{"href":"https:\/\/ceas.org.pe\/index.php\/wp-json\/wp\/v2\/media?parent=2190"}],"wp:term":[{"taxonomy":"category","embeddable":true,"href":"https:\/\/ceas.org.pe\/index.php\/wp-json\/wp\/v2\/categories?post=2190"},{"taxonomy":"post_tag","embeddable":true,"href":"https:\/\/ceas.org.pe\/index.php\/wp-json\/wp\/v2\/tags?post=2190"}],"curies":[{"name":"wp","href":"https:\/\/api.w.org\/{rel}","templated":true}]}}