{"id":2183,"date":"2015-02-07T20:43:22","date_gmt":"2015-02-07T20:43:22","guid":{"rendered":""},"modified":"2026-03-11T09:12:16","modified_gmt":"2026-03-11T14:12:16","slug":"arzobispo-de-trujillo-pide-autoridades-trabajar-por-seguridad-de-las-personas","status":"publish","type":"post","link":"https:\/\/ceas.org.pe\/index.php\/2015\/02\/07\/arzobispo-de-trujillo-pide-autoridades-trabajar-por-seguridad-de-las-personas\/","title":{"rendered":"Arzobispo de Trujillo pide autoridades trabajar por seguridad de las personas"},"content":{"rendered":"<p>\u00a0Ver a Trujillo convertido en ejemplo de seguridad humana, fue el deseo del Arzobispo Metropolitano de Trujillo, Mons. Miguel Cabrejos Vidarte OFM., durante su participaci\u00f3n en la \u201cceremonia de Compromiso Unido para la Seguridad Humana 2015\u201d, suscrito esta ma\u00f1ana entre la Organizaci\u00f3n de las Naciones Unidas (ONU) y el Gobierno Regional de La Libertad.<\/p>\n<div>\u00a0<\/div>\n<div>\u00a0<\/div>\n<div>El prelado trujillano felicit\u00f3 la iniciativa de la ONU para con la regi\u00f3n liberte\u00f1a e invit\u00f3 a los protagonistas de este proyecto a tener un firme compromiso para poder trabajar por la familia, la justicia, la paz, la salud, la educaci\u00f3n, entre otros pilares de desarrollo que busca la referida alianza suscrita.<\/div>\n<div>\u00a0<\/div>\n<div>Como precedente, Mons. Miguel Cabrejos record\u00f3 el esfuerzo que hizo la Iglesia en esta materia con m\u00faltiples conversatorios multisectoriales en la Sede Episcopal, los que derivaron con dos convenios interinstitucionales, denominados \u201cCompromiso por la Vida y la Paz\u201d y \u201cPor el Respecto a la Dignidad de Trujillo y La Libertad\u201d.<\/div>\n<div>\u00a0<\/div>\n<div>Como se sabe, el plan de la ONU y el Gobierno Regional La Libertad facilitar\u00e1 el desarrollo de un modelo auto sostenible, multisectorial, hol\u00edstico y replicable para la reducci\u00f3n de la delincuencia en tres comunidades vulnerables de alto riesgos como en los distritos de Florencia de Mora, El Porvenir y La Esperanza.<\/div>\n<p><a href=\"http:\/\/web.hilo.org.pe\/wp-content\/uploads\/20150205_arzobispo2.jpg\" target=\"_blank\" rel=\"noopener\">Ver archivo adjunto<\/a><\/p>\n","protected":false},"excerpt":{"rendered":"<p>Ver a Trujillo convertido en ejemplo de seguridad humana, fue el deseo del Arzobispo Metropolitano de Trujillo, Mons. Miguel Cabrejos Vidarte OFM., durante su participaci?n en la ?ceremonia de Compromiso Unido para la Seguridad Humana 2015?, suscrito esta ma?ana entre la Organizaci?n de las Naciones Unidas (ONU) y el Gobierno Regional de La Libertad.<\/p>\n","protected":false},"author":1,"featured_media":7884,"comment_status":"closed","ping_status":"closed","sticky":false,"template":"","format":"standard","meta":{"footnotes":""},"categories":[9],"tags":[],"class_list":["post-2183","post","type-post","status-publish","format-standard","has-post-thumbnail","hentry","category-noticias"],"_links":{"self":[{"href":"https:\/\/ceas.org.pe\/index.php\/wp-json\/wp\/v2\/posts\/2183","targetHints":{"allow":["GET"]}}],"collection":[{"href":"https:\/\/ceas.org.pe\/index.php\/wp-json\/wp\/v2\/posts"}],"about":[{"href":"https:\/\/ceas.org.pe\/index.php\/wp-json\/wp\/v2\/types\/post"}],"author":[{"embeddable":true,"href":"https:\/\/ceas.org.pe\/index.php\/wp-json\/wp\/v2\/users\/1"}],"replies":[{"embeddable":true,"href":"https:\/\/ceas.org.pe\/index.php\/wp-json\/wp\/v2\/comments?post=2183"}],"version-history":[{"count":1,"href":"https:\/\/ceas.org.pe\/index.php\/wp-json\/wp\/v2\/posts\/2183\/revisions"}],"predecessor-version":[{"id":7034,"href":"https:\/\/ceas.org.pe\/index.php\/wp-json\/wp\/v2\/posts\/2183\/revisions\/7034"}],"wp:featuredmedia":[{"embeddable":true,"href":"https:\/\/ceas.org.pe\/index.php\/wp-json\/wp\/v2\/media\/7884"}],"wp:attachment":[{"href":"https:\/\/ceas.org.pe\/index.php\/wp-json\/wp\/v2\/media?parent=2183"}],"wp:term":[{"taxonomy":"category","embeddable":true,"href":"https:\/\/ceas.org.pe\/index.php\/wp-json\/wp\/v2\/categories?post=2183"},{"taxonomy":"post_tag","embeddable":true,"href":"https:\/\/ceas.org.pe\/index.php\/wp-json\/wp\/v2\/tags?post=2183"}],"curies":[{"name":"wp","href":"https:\/\/api.w.org\/{rel}","templated":true}]}}