{"id":2181,"date":"2015-02-07T20:42:06","date_gmt":"2015-02-07T20:42:06","guid":{"rendered":""},"modified":"2026-03-11T09:12:16","modified_gmt":"2026-03-11T14:12:16","slug":"presidente-del-poder-judicial-sostuvo-reunion-con-defensor-del-pueblo","status":"publish","type":"post","link":"https:\/\/ceas.org.pe\/index.php\/2015\/02\/07\/presidente-del-poder-judicial-sostuvo-reunion-con-defensor-del-pueblo\/","title":{"rendered":"Presidente del Poder Judicial sostuvo reuni\u00f3n con defensor del Pueblo"},"content":{"rendered":"<p>\u00a0<b style=\"text-align: justify;\"><u><span lang=\"ES\">Para tratar diversos asuntos de inter\u00e9s para ambas instituciones<\/span><\/u><\/b><\/p>\n<p class=\"MsoNormal\" style=\"text-align: justify;\"><o:p><\/o:p><\/p>\n<p class=\"MsoNormal\" style=\"margin-bottom: 0.0001pt; text-align: justify;\"><b>PRESIDENTE DEL PODER JUDICIAL SOSTUVO REUNI\u00d3N CON DEFENSOR DEL PUEBLO<o:p><\/o:p><\/b><\/p>\n<p class=\"MsoNormal\" style=\"margin-bottom: 0.0001pt; text-align: justify;\"><o:p>\u00a0<\/o:p><\/p>\n<p class=\"MsoNormal\" style=\"margin-bottom: 0.0001pt; text-align: justify;\"><b><span lang=\"ES\">En la cita tambi\u00e9n participaron representantes de la Iglesia de Amazonas<\/span><\/b><span lang=\"ES\"> <\/span><o:p><\/o:p><\/p>\n<p class=\"MsoNormal\" style=\"text-align: justify;\"><span lang=\"ES\">El presidente del Poder Judicial, doctor V\u00edctor Ticona Postigo, sostuvo una reuni\u00f3n con el defensor del Pueblo, Eduardo Vega Luna, y con representantes de la Iglesia de Amazonas, en la cual trataron asuntos de inter\u00e9s para ambas instituciones.<\/span><o:p><\/o:p><\/p>\n<p class=\"MsoNormal\" style=\"text-align: justify;\"><span lang=\"ES\">Durante la cita, los visitantes solicitaron\u00a0 que los procesos que se ventilan en el Distrito Judicial de Amazonas, entre ellos el referido a los enfrentamientos ocurridos en Bagua en el 2009, se realicen con celeridad y las garant\u00edas para los ind\u00edgenas procesados.<\/span><o:p><\/o:p><\/p>\n<p class=\"MsoNormal\" style=\"text-align: justify;\"><span lang=\"ES\">Vega Luna pidi\u00f3 que, a trav\u00e9s de la Oficina Nacional de Justicia de Paz y Justicia Ind\u00edgena (ONAJUP), se permita la participaci\u00f3n de int\u00e9rpretes capacitados a fin de que los procesados ind\u00edgenas comprendan los contenidos de las audiencias.<\/span><o:p><\/o:p><\/p>\n<p class=\"MsoNormal\" style=\"text-align: justify;\"><span lang=\"ES\">Se\u00f1al\u00f3 que una opci\u00f3n importante ser\u00eda la traducci\u00f3n simult\u00e1nea a las lenguas originarias con el\u00a0 uso de equipos tecnol\u00f3gicos.<\/span><o:p><\/o:p><\/p>\n<p class=\"MsoNormal\" style=\"text-align: justify;\"><span lang=\"ES\">Por su parte, el doctor Ticona Postigo inform\u00f3 que se reunir\u00e1 con el presidente de la Corte Superior de Justicia de Amazonas doctor, Alejandro Espino M\u00e9ndez, para coordinar un mejor acceso a la justicia de las comunidades ind\u00edgenas.<\/span><o:p><\/o:p><\/p>\n<p class=\"MsoNormal\" style=\"text-align: justify;\"><span lang=\"ES\">En la reuni\u00f3n participaron el Obispo de Ja\u00e9n, Alfredo Vizcarra, la Hermana Mar\u00eda del Carmen Gonzales y el secretario ejecutivo de la Comisi\u00f3n Episcopal de Acci\u00f3n Social, Humberto Ortiz.<\/span><o:p><\/o:p><\/p>\n<p class=\"MsoNormal\" style=\"text-align: justify;\"><span lang=\"ES\">En representaci\u00f3n del Poder Judicial estuvieron el doctor Roger Haro Bustamante, jefe del Gabinete de Asesores, la doctora Nory Vega Caro, asesora del Gabinete, y Jos\u00e9 Coloma Marquina, representante del Poder Judicial ante la Comisi\u00f3n Nacional de Derechos Humanos.<\/span><o:p><\/o:p><\/p>\n<p class=\"MsoNormal\" style=\"margin-bottom: 0.0001pt; text-align: justify;\"><span lang=\"ES\">Lima, 04 de febrero de 2015<\/span><o:p><\/o:p><\/p>\n<p class=\"MsoNormal\" style=\"text-align:justify\"><o:p>\u00a0<\/o:p><\/p>\n<p class=\"MsoNormal\" style=\"text-align:justify\"><i>Tomado de la p\u00e1gina web del Poder Judicial del Per\u00fa. 04\/02\/15<o:p><\/o:p><\/i><\/p>\n<p><a href=\"http:\/\/web.hilo.org.pe\/wp-content\/uploads\/reunion_defensor_pueblo_01.jpg\" target=\"_blank\" rel=\"noopener\">Ver archivo adjunto<\/a><\/p>\n","protected":false},"excerpt":{"rendered":"<p>En la cita tambi?n participaron representantes de la Iglesia de Amazonas<br \/>\nEl presidente del Poder Judicial, doctor V?ctor Ticona Postigo, sostuvo una reuni?n con el defensor del Pueblo, Eduardo Vega Luna, y con representantes de la Iglesia de Amazonas, en la cual trataron asuntos de inter?s para ambas instituciones.<\/p>\n","protected":false},"author":1,"featured_media":7930,"comment_status":"closed","ping_status":"closed","sticky":false,"template":"","format":"standard","meta":{"footnotes":""},"categories":[9],"tags":[],"class_list":["post-2181","post","type-post","status-publish","format-standard","has-post-thumbnail","hentry","category-noticias"],"_links":{"self":[{"href":"https:\/\/ceas.org.pe\/index.php\/wp-json\/wp\/v2\/posts\/2181","targetHints":{"allow":["GET"]}}],"collection":[{"href":"https:\/\/ceas.org.pe\/index.php\/wp-json\/wp\/v2\/posts"}],"about":[{"href":"https:\/\/ceas.org.pe\/index.php\/wp-json\/wp\/v2\/types\/post"}],"author":[{"embeddable":true,"href":"https:\/\/ceas.org.pe\/index.php\/wp-json\/wp\/v2\/users\/1"}],"replies":[{"embeddable":true,"href":"https:\/\/ceas.org.pe\/index.php\/wp-json\/wp\/v2\/comments?post=2181"}],"version-history":[{"count":1,"href":"https:\/\/ceas.org.pe\/index.php\/wp-json\/wp\/v2\/posts\/2181\/revisions"}],"predecessor-version":[{"id":7036,"href":"https:\/\/ceas.org.pe\/index.php\/wp-json\/wp\/v2\/posts\/2181\/revisions\/7036"}],"wp:featuredmedia":[{"embeddable":true,"href":"https:\/\/ceas.org.pe\/index.php\/wp-json\/wp\/v2\/media\/7930"}],"wp:attachment":[{"href":"https:\/\/ceas.org.pe\/index.php\/wp-json\/wp\/v2\/media?parent=2181"}],"wp:term":[{"taxonomy":"category","embeddable":true,"href":"https:\/\/ceas.org.pe\/index.php\/wp-json\/wp\/v2\/categories?post=2181"},{"taxonomy":"post_tag","embeddable":true,"href":"https:\/\/ceas.org.pe\/index.php\/wp-json\/wp\/v2\/tags?post=2181"}],"curies":[{"name":"wp","href":"https:\/\/api.w.org\/{rel}","templated":true}]}}