{"id":2180,"date":"2015-02-07T20:47:15","date_gmt":"2015-02-07T20:47:15","guid":{"rendered":""},"modified":"2026-03-11T09:12:16","modified_gmt":"2026-03-11T14:12:16","slug":"ocese-cuanto-antes-la-horrible-violencia-fratricida-en-ucrania-dice-el-papa","status":"publish","type":"post","link":"https:\/\/ceas.org.pe\/index.php\/2015\/02\/07\/ocese-cuanto-antes-la-horrible-violencia-fratricida-en-ucrania-dice-el-papa\/","title":{"rendered":"\u00f3Cese cuanto antes la horrible violencia fratricida en Ucrania!, dice el Papa"},"content":{"rendered":"<p>(RV).- Culminando la Audiencia General, con su inquebrantable invitaci\u00f3n a la oraci\u00f3n por los numerosos ucranianos v\u00edctimas de los combates, el Papa Francisco reiter\u00f3 su apremiante llamamiento, tambi\u00e9n a la comunidad internacional. Ante la nueva escalada de violencia, que en las \u00faltimas horas ha registrado &#8211; entre otras acciones &#8211; un ataque contra un convoy de ayuda humanitaria, que trasladaba a refugiados civiles, a su salida de Deb\u00e1ltsevo, epicentro, desde hace d\u00edas de los combates m\u00e1s cruentos en la regi\u00f3n oriental ucraniana de Donetsk, el Obispo de Roma expres\u00f3 su profundo pesar y dolor:<\/p>\n<div>\u00a0<\/div>\n<div>\u00abUna vez m\u00e1s mi pensamiento se dirige al amado pueblo ucraniano. Lamentablemente la situaci\u00f3n est\u00e1 empeorando y se agrava la contraposici\u00f3n entre las partes. Recemos ante todo por las v\u00edctimas, entre ellas numeros\u00edsimos civiles, y por sus familiares. Y Pidamos al Se\u00f1or que cese cuanto antes esta horrible violencia fratricida.<\/div>\n<div>\u00a0<\/div>\n<div>Renuevo mi apremiante llamamiento para que se cumpla todo esfuerzo \u2013 tambi\u00e9n a nivel internacional \u2013 para que se reanude el di\u00e1logo, \u00fanico camino posible para restablecer la paz y la concordia en aquella tierra martirizada<\/div>\n<div>\u00a0<\/div>\n<div>Hermanos y hermanas cuando oigo la palabra victoria o derrota siento un gran dolor, una gran tristeza. No son palabras justas \u00a1La \u00fanica palabra justa es paz! \u00c9sta es la \u00fanica palabra justa!<\/div>\n<div>\u00a0<\/div>\n<div>Pienso en ustedes hermanos y hermanas ucranianos&#8230; pero piensen \u00a1\u00e9sta es una guerra entre cristianos! Todos ustedes tienen el mismo bautismo. Est\u00e1n luchando entre cristianos \u00a1Piensen en esto, en este esc\u00e1ndalo!<\/div>\n<div>\u00a0<\/div>\n<div>Y recemos todos porque la oraci\u00f3n es nuestra \u2018protesta ante Dios\u2019 en tiempo de guerra\u00bb.<\/div>\n<div>\u00a0<\/div>\n<div>En un comunicado el Alto Comisionado de Naciones Unidas para los Derechos Humanos denunci\u00f3 que en menos de tres semanas han muerto 224 civiles a causa del conflicto en el este de Ucrania.<\/div>\n<div>\u00a0<\/div>\n<div>\u00abParadas de autob\u00fas y transporte p\u00fablico, mercados, escuelas y guarder\u00edas, hospitales y \u00e1reas residenciales se han convertido en campos de batalla en las regiones de Donetsk y Luhansk, lo que viola la ley humanitaria internacional\u00bb, afirma el comunicado. El Alto Comisionado de la ONU para los Derechos Humanos a\u00f1adi\u00f3 que \u00a0una mayor escalada ser\u00e1 catastr\u00f3fica para las 5 millones y 200 mil personas que viven en medio del conflicto en el este de Ucrania.<\/div>\n<div>\u00a0<\/div>\n<div>Fuente: Radio Vaticana<\/div>\n<p><a href=\"http:\/\/web.hilo.org.pe\/wp-content\/uploads\/ucrania.jpg\" target=\"_blank\" rel=\"noopener\">Ver archivo adjunto<\/a><\/p>\n","protected":false},"excerpt":{"rendered":"<p>(RV).- Culminando la Audiencia General, con su inquebrantable invitaci?n a la oraci?n por los numerosos ucranianos v?ctimas de los combates, el Papa Francisco reiter? su apremiante llamamiento, tambi?n a la comunidad internacional.<\/p>\n","protected":false},"author":1,"featured_media":8041,"comment_status":"closed","ping_status":"closed","sticky":false,"template":"","format":"standard","meta":{"footnotes":""},"categories":[9],"tags":[],"class_list":["post-2180","post","type-post","status-publish","format-standard","has-post-thumbnail","hentry","category-noticias"],"_links":{"self":[{"href":"https:\/\/ceas.org.pe\/index.php\/wp-json\/wp\/v2\/posts\/2180","targetHints":{"allow":["GET"]}}],"collection":[{"href":"https:\/\/ceas.org.pe\/index.php\/wp-json\/wp\/v2\/posts"}],"about":[{"href":"https:\/\/ceas.org.pe\/index.php\/wp-json\/wp\/v2\/types\/post"}],"author":[{"embeddable":true,"href":"https:\/\/ceas.org.pe\/index.php\/wp-json\/wp\/v2\/users\/1"}],"replies":[{"embeddable":true,"href":"https:\/\/ceas.org.pe\/index.php\/wp-json\/wp\/v2\/comments?post=2180"}],"version-history":[{"count":1,"href":"https:\/\/ceas.org.pe\/index.php\/wp-json\/wp\/v2\/posts\/2180\/revisions"}],"predecessor-version":[{"id":7032,"href":"https:\/\/ceas.org.pe\/index.php\/wp-json\/wp\/v2\/posts\/2180\/revisions\/7032"}],"wp:featuredmedia":[{"embeddable":true,"href":"https:\/\/ceas.org.pe\/index.php\/wp-json\/wp\/v2\/media\/8041"}],"wp:attachment":[{"href":"https:\/\/ceas.org.pe\/index.php\/wp-json\/wp\/v2\/media?parent=2180"}],"wp:term":[{"taxonomy":"category","embeddable":true,"href":"https:\/\/ceas.org.pe\/index.php\/wp-json\/wp\/v2\/categories?post=2180"},{"taxonomy":"post_tag","embeddable":true,"href":"https:\/\/ceas.org.pe\/index.php\/wp-json\/wp\/v2\/tags?post=2180"}],"curies":[{"name":"wp","href":"https:\/\/api.w.org\/{rel}","templated":true}]}}