{"id":2176,"date":"2015-01-28T10:48:09","date_gmt":"2015-01-28T10:48:09","guid":{"rendered":""},"modified":"2026-03-11T09:12:16","modified_gmt":"2026-03-11T14:12:16","slug":"pero-y-ecuador-trabajaron-en-protocolo-binacional-para-proteger-a-voctimas-de-trata","status":"publish","type":"post","link":"https:\/\/ceas.org.pe\/index.php\/2015\/01\/28\/pero-y-ecuador-trabajaron-en-protocolo-binacional-para-proteger-a-voctimas-de-trata\/","title":{"rendered":"Per\u00f3 y Ecuador trabajar\u00f3n en protocolo binacional para proteger a v\u00f3ctimas de trata"},"content":{"rendered":"<p>El programa incluye la cooperaci\u00f3n binacional para realizar operativos de investigaci\u00f3n, seguimiento y persecuci\u00f3n.<\/p>\n<div>Los gobiernos de Per\u00fa y Ecuador acordaron trabajar un protocolo binacional de protecci\u00f3n a las v\u00edctimas del delito de trata de personas, a fin de garantizar su atenci\u00f3n inmediata.<\/div>\n<div>\u00a0<\/div>\n<div>El acuerdo fue tomado en la reuni\u00f3n de trabajo realizada, a trav\u00e9s de video conferencia, entre las autoridades de ambos pa\u00edses competentes en el tema con la finalidad de definir la hoja de ruta para el presente a\u00f1o.<\/div>\n<div>\u00a0<\/div>\n<div>El objetivo del acuerdo tomado es que las instituciones competentes de Per\u00fa y Ecuador articulen la realizaci\u00f3n de operativos binacionales con la Polic\u00eda, Fiscal\u00edas Especializadas y organizaciones de ambos pa\u00edses.<\/div>\n<div>\u00a0<\/div>\n<div>Igualmente se ha establecido la realizaci\u00f3n de pasant\u00edas para el intercambio de experiencias, el intercambio de estad\u00edsticas, la realizaci\u00f3n de una feria informativa en zona de frontera com\u00fan y el intercambio de informaci\u00f3n para el seguimiento de las investigaciones policiales en casos de trata de personas y desaparecidos.<\/div>\n<div>\u00a0<\/div>\n<div>El equipo peruano estuvo encabezado por el director de Derechos Fundamentales para la Gobernabilidad del Ministerio del Interior, Antonio Fern\u00e1ndez Jer\u00ed; quien tiene a su cargo a la Secretar\u00eda T\u00e9cnica del Grupo de Trabajo Multisectorial Permanente contra la Trata de Personas.<\/div>\n<div>\u00a0<\/div>\n<div>En tanto, el equipo ecuatoriano estuvo liderado por la representante encargada del Grupo Intersectorial contra la Trata de Personas de Ecuador, Mar\u00eda Fernanda Revello.<\/div>\n<div>\u00a0<\/div>\n<div>Seg\u00fan inform\u00f3 el Ministerio del Interior, entre las acciones a ejecutarse este a\u00f1o destacan las actividades de capacitaci\u00f3n en prevenci\u00f3n, investigaci\u00f3n y persecuci\u00f3n de trata de personas y en protecci\u00f3n de v\u00edctimas, dirigidas a funcionarios p\u00fablicos y polic\u00edas que tienen competencia en la lucha contra este delito en ambos pa\u00edses.<\/div>\n<div>\u00a0<\/div>\n<div>Finalmente se acord\u00f3 realizar reuniones de trabajo bajo esta misma modalidad de manera constante, con la participaci\u00f3n adem\u00e1s de otras instituciones.<\/div>\n<div>\u00a0<\/div>\n<div>El Convenio Marco en materia de trata de personas fue suscrito por los Ministerios de Interior del Per\u00fa y del Ecuador en noviembre del a\u00f1o 2013.<\/div>\n<div>\u00a0<\/div>\n<div>La reuni\u00f3n tuvo lugar en cumplimiento del Convenio Marco en materia de trata de personas suscrito entre los Ministerios de Interior del Per\u00fa y del Ecuador en el a\u00f1o 2013.<\/div>\n<div>\u00a0<\/div>\n<div>Fuente: larepublica.pe<\/div>\n<p><a href=\"http:\/\/web.hilo.org.pe\/wp-content\/uploads\/imagen-trata-de-personas.jpg\" target=\"_blank\" rel=\"noopener\">Ver archivo adjunto<\/a><\/p>\n","protected":false},"excerpt":{"rendered":"<p>El programa incluye la cooperaci?n binacional para realizar operativos de investigaci?n, seguimiento y persecuci?n.<br \/>\nLos gobiernos de Per? y Ecuador acordaron trabajar un protocolo binacional de protecci?n a las v?ctimas del delito de trata de personas, a fin de garantizar su atenci?n inmediata.<\/p>\n","protected":false},"author":1,"featured_media":8040,"comment_status":"closed","ping_status":"closed","sticky":false,"template":"","format":"standard","meta":{"footnotes":""},"categories":[9],"tags":[],"class_list":["post-2176","post","type-post","status-publish","format-standard","has-post-thumbnail","hentry","category-noticias"],"_links":{"self":[{"href":"https:\/\/ceas.org.pe\/index.php\/wp-json\/wp\/v2\/posts\/2176","targetHints":{"allow":["GET"]}}],"collection":[{"href":"https:\/\/ceas.org.pe\/index.php\/wp-json\/wp\/v2\/posts"}],"about":[{"href":"https:\/\/ceas.org.pe\/index.php\/wp-json\/wp\/v2\/types\/post"}],"author":[{"embeddable":true,"href":"https:\/\/ceas.org.pe\/index.php\/wp-json\/wp\/v2\/users\/1"}],"replies":[{"embeddable":true,"href":"https:\/\/ceas.org.pe\/index.php\/wp-json\/wp\/v2\/comments?post=2176"}],"version-history":[{"count":1,"href":"https:\/\/ceas.org.pe\/index.php\/wp-json\/wp\/v2\/posts\/2176\/revisions"}],"predecessor-version":[{"id":7045,"href":"https:\/\/ceas.org.pe\/index.php\/wp-json\/wp\/v2\/posts\/2176\/revisions\/7045"}],"wp:featuredmedia":[{"embeddable":true,"href":"https:\/\/ceas.org.pe\/index.php\/wp-json\/wp\/v2\/media\/8040"}],"wp:attachment":[{"href":"https:\/\/ceas.org.pe\/index.php\/wp-json\/wp\/v2\/media?parent=2176"}],"wp:term":[{"taxonomy":"category","embeddable":true,"href":"https:\/\/ceas.org.pe\/index.php\/wp-json\/wp\/v2\/categories?post=2176"},{"taxonomy":"post_tag","embeddable":true,"href":"https:\/\/ceas.org.pe\/index.php\/wp-json\/wp\/v2\/tags?post=2176"}],"curies":[{"name":"wp","href":"https:\/\/api.w.org\/{rel}","templated":true}]}}