{"id":2174,"date":"2015-01-27T09:36:43","date_gmt":"2015-01-27T09:36:43","guid":{"rendered":""},"modified":"2026-03-11T09:12:16","modified_gmt":"2026-03-11T14:12:16","slug":"la-unidad-de-los-cristianos-instrumento-de-reconciliacion-para-el-mundo","status":"publish","type":"post","link":"https:\/\/ceas.org.pe\/index.php\/2015\/01\/27\/la-unidad-de-los-cristianos-instrumento-de-reconciliacion-para-el-mundo\/","title":{"rendered":"La unidad de los cristianos: instrumento de reconciliaci\u00f3n para el mundo"},"content":{"rendered":"<p>Exhortaci\u00f3n del Obispo de Roma, que presidi\u00f3 las segundas V\u00edsperas de la Solemnidad de la Conversi\u00f3n de San Pablo Ap\u00f3stol, como es tradicional en la bas\u00edlica papal dedicada al Ap\u00f3stol de las gentes, culminando as\u00ed la Semana de oraci\u00f3n por la unidad de los cristianos 2015.<\/p>\n<div>\u00a0<\/div>\n<div>Impulsar el encuentro, eldi\u00e1logo y la escucha, como nos ense\u00f1a Jes\u00fas, que espaciente y nos ofrece un camino de conversi\u00f3n interior, que nos hace crecer en la caridad y en laverdad. Y nos impulsa a rogar el don de la comuni\u00f3n plena de todos los cristianos, sedientos de paz y fraternidad, para que brille \u2018el sagrado misterio de la unidad de la Iglesia\u2019 como signo e instrumento de reconciliaci\u00f3n para el mundo entero.\u00a0<\/div>\n<div>\u00a0<\/div>\n<div>Reflexionando sobre el tema de este a\u00f1o, con las palabras de Jes\u00fas a la samaritana: \u2018Dame de beber\u2019, del Evangelio de San Juan, el Papa Francisco se refiri\u00f3 a las controversias entre los cristianos, heredadas del pasado, e hizo hincapi\u00e9 en la importancia de comprender lo que nos une. Es decir, \u00abla llamada a participar en el misterio del amor del Padre, revelado por el Hijo a trav\u00e9s del Esp\u00edritu Santo\u00bb. \u00abNos necesitamos unos a otros, necesitamos encontrarnos y confrontarnos guiados por el Esp\u00edritu Santo, que armoniza la diversidad y supera los conflictos\u00bb.<\/div>\n<div>\u00a0<\/div>\n<div>Jes\u00fas es la fuente de Agua viva que apaga la sed de amor, de justicia y libertad. Y ante una multitud de hombres y mujeres cansados y sedientos, los cristianos estamos llamados a ser evangelizadores: \u00abtodos estamos al servicio del \u00fanico y mismo Evangelio\u00bb, se\u00f1al\u00f3 el Santo Padre, reiterando que Jes\u00fas es la fuente de la que brota el agua del Esp\u00edritu Santo, es decir, \u00abel amor de Dios derramado en nuestros corazones\u00bb (Rm 5,5) el d\u00eda del Bautismo.<\/div>\n<div>\u00a0<\/div>\n<div>\u00abQueridos hermanos y hermanas, hoy nosotros, que estamos sedientos de paz y fraternidad, invocamos con coraz\u00f3n confiado que el Padre celestial, por medio de Jesucristo, \u00fanico Sacerdote, y la intercesi\u00f3n de la Virgen Mar\u00eda, el ap\u00f3stol Pablo y todos los santos, nos d\u00e9 el don de la plena comuni\u00f3n de todos los cristianos, para que pueda brillar \u00abel sagrado misterio de la unidad de la Iglesia\u00bb (Conc. Ecum. Vat. II, Decr. Unitatis redintegratio, \u00a0sobre el ecumenismo, 2), como signo e instrumento de reconciliaci\u00f3n para el mundo entero\u00bb.<\/div>\n<div>\u00a0<\/div>\n<div>El Papa se refiri\u00f3 finalmente al ecumenismo de la sangre. En este momento quisiera recordar a todos nuestros m\u00e1rtires perseguidos y asesinados porque son cristianos, dijo.<\/div>\n<div>\u00a0<\/div>\n<div>Con estas palabras concluy\u00f3 su homil\u00eda, en la que dirigi\u00f3 un saludo cordial y fraterno a los respectivos representantes del Patriarcado Ecum\u00e9nico, del Arzobispo de Canterbury, y a todos los representantes de las diversas Iglesias y Comunidades eclesiales. A los miembros de la Comisi\u00f3n Mixta para el di\u00e1logo teol\u00f3gico entre la Iglesia cat\u00f3lica y las Iglesias ortodoxas orientales, a los estudiantes del Ecumenical Institute of Bossey y a los j\u00f3venes que se benefician de las becas ofrecidas por el Comit\u00e9 de Colaboraci\u00f3n Cultural con las Iglesias ortodoxas, que act\u00faa en el Consejo para la Promoci\u00f3n de la Unidad de los Cristianos.<\/div>\n<div>\u00a0<\/div>\n<div>Sin olvidar a los religiosos y religiosas pertenecientes a diferentes Iglesias y Comunidades eclesiales, que han participado estos d\u00edas en un encuentro ecum\u00e9nico, organizado por la Congregaci\u00f3n para los Institutos de Vida Consagrada y las Sociedades de Vida Apost\u00f3lica, en colaboraci\u00f3n con el Consejo Pontificio para la Promoci\u00f3n de la Unidad de los Cristianos, con ocasi\u00f3n del A\u00f1o de la vida consagrada.<\/div>\n<div>\u00a0<\/div>\n<div>Fuente: celam.org<\/div>\n<p><a href=\"http:\/\/web.hilo.org.pe\/wp-content\/uploads\/reconciliacion.jpg\" target=\"_blank\" rel=\"noopener\">Ver archivo adjunto<\/a><\/p>\n","protected":false},"excerpt":{"rendered":"<p>Exhortaci?n del Obispo de Roma, que presidi? las segundas V?speras de la Solemnidad de la Conversi?n de San Pablo Ap?stol, como es tradicional en la bas?lica papal dedicada al Ap?stol de las gentes, culminando as? la Semana de oraci?n por la unidad de los cristianos 2015.<\/p>\n","protected":false},"author":1,"featured_media":8039,"comment_status":"closed","ping_status":"closed","sticky":false,"template":"","format":"standard","meta":{"footnotes":""},"categories":[9],"tags":[],"class_list":["post-2174","post","type-post","status-publish","format-standard","has-post-thumbnail","hentry","category-noticias"],"_links":{"self":[{"href":"https:\/\/ceas.org.pe\/index.php\/wp-json\/wp\/v2\/posts\/2174","targetHints":{"allow":["GET"]}}],"collection":[{"href":"https:\/\/ceas.org.pe\/index.php\/wp-json\/wp\/v2\/posts"}],"about":[{"href":"https:\/\/ceas.org.pe\/index.php\/wp-json\/wp\/v2\/types\/post"}],"author":[{"embeddable":true,"href":"https:\/\/ceas.org.pe\/index.php\/wp-json\/wp\/v2\/users\/1"}],"replies":[{"embeddable":true,"href":"https:\/\/ceas.org.pe\/index.php\/wp-json\/wp\/v2\/comments?post=2174"}],"version-history":[{"count":1,"href":"https:\/\/ceas.org.pe\/index.php\/wp-json\/wp\/v2\/posts\/2174\/revisions"}],"predecessor-version":[{"id":7047,"href":"https:\/\/ceas.org.pe\/index.php\/wp-json\/wp\/v2\/posts\/2174\/revisions\/7047"}],"wp:featuredmedia":[{"embeddable":true,"href":"https:\/\/ceas.org.pe\/index.php\/wp-json\/wp\/v2\/media\/8039"}],"wp:attachment":[{"href":"https:\/\/ceas.org.pe\/index.php\/wp-json\/wp\/v2\/media?parent=2174"}],"wp:term":[{"taxonomy":"category","embeddable":true,"href":"https:\/\/ceas.org.pe\/index.php\/wp-json\/wp\/v2\/categories?post=2174"},{"taxonomy":"post_tag","embeddable":true,"href":"https:\/\/ceas.org.pe\/index.php\/wp-json\/wp\/v2\/tags?post=2174"}],"curies":[{"name":"wp","href":"https:\/\/api.w.org\/{rel}","templated":true}]}}