{"id":2169,"date":"2015-01-23T15:56:24","date_gmt":"2015-01-23T15:56:24","guid":{"rendered":""},"modified":"2026-03-11T09:12:16","modified_gmt":"2026-03-11T14:12:16","slug":"reflexiones-pastorales-frente-a-la-inseguridad-y-la-construccion-de-paz-en-nuestro-paos","status":"publish","type":"post","link":"https:\/\/ceas.org.pe\/index.php\/2015\/01\/23\/reflexiones-pastorales-frente-a-la-inseguridad-y-la-construccion-de-paz-en-nuestro-paos\/","title":{"rendered":"Reflexiones pastorales frente a la inseguridad y la construcci\u00f3n de paz en nuestro pa\u00f3s"},"content":{"rendered":"<p>\u00a0<span style=\"text-align: center;\">Proclamamos \u201cla Buena Noticia de la paz\u201d (EF 6,15)<\/span><\/p>\n<p class=\"MsoNormal\" align=\"center\" style=\"margin-bottom: 0.0001pt; text-align: center;\"><o:p><\/o:p><\/p>\n<p class=\"MsoNormal\" align=\"center\" style=\"margin-bottom: 0.0001pt; text-align: center;\">Reflexiones pastorales frente a la inseguridad y la construcci\u00f3n de paz en nuestro pa\u00eds<o:p><\/o:p><\/p>\n<p class=\"MsoNormal\" style=\"margin-bottom: 0.0001pt; text-align: justify;\"><b>\u00a0<\/b><\/p>\n<p class=\"MsoNormal\" style=\"margin-bottom: 0.0001pt; text-align: justify;\">Los obispos del Per\u00fa, reunidos en nuestra 105\u00aa Asamblea Plenaria, damos a conocer a todos los creyentes, a las autoridades y personas de buena voluntad, nuestra reflexi\u00f3n y propuesta de acci\u00f3n por la paz, que implica -seg\u00fan la Biblia- di\u00e1logo, reconciliaci\u00f3n, solidaridad, justicia, armon\u00eda entre Dios, las personas y la naturaleza, nuestra casa com\u00fan.<o:p><\/o:p><\/p>\n<p class=\"MsoNormal\" style=\"margin-bottom: 0.0001pt; text-align: justify;\"><o:p>\u00a0<\/o:p><\/p>\n<p class=\"MsoNormal\" style=\"margin-bottom: 0.0001pt; text-align: justify;\">I. \u00a0\u00a0La realidad del pa\u00eds nos interpela<o:p><\/o:p><\/p>\n<p class=\"MsoNormal\" style=\"margin-bottom: 0.0001pt; text-align: justify;\">Como pastores estamos al lado de las personas y, desde esta cercan\u00eda, observamos con enorme preocupaci\u00f3n c\u00f3mo se incrementa la violencia: robos, asaltos y asesinatos que llenan de dolor y desconcierto a las familias y a la sociedad en su conjunto. Se recurre cada vez m\u00e1s a la c\u00e1rcel como respuesta a la criminalidad. Sin embargo, el creciente hacinamiento en los centros de reclusi\u00f3n reproduce y alienta la violencia. A esto se a\u00f1aden las evidencias de corrupci\u00f3n y la falta de seguridad para quienes habitamos en la Costa, Sierra y Selva de esta generosa tierra peruana.<o:p><\/o:p><\/p>\n<p class=\"MsoNormal\" style=\"margin-bottom: 0.0001pt; text-align: justify;\">Actualmente hay autoridades de todo nivel con prisi\u00f3n preventiva, requisitoriados o en proceso de investigaci\u00f3n de sus respectivas gestiones administrativo-financieras. En las pasadas elecciones tambi\u00e9n se evidenci\u00f3 un n\u00famero muy importante de candidatos vinculados al narcotr\u00e1fico y a la corrupci\u00f3n, algunos de los cuales han sido elegidos. A esto se suma el descr\u00e9dito de los poderes del Estado.<o:p><\/o:p><\/p>\n<p class=\"MsoNormal\" style=\"margin-bottom: 0.0001pt; text-align: justify;\">La violencia cotidiana: asesinatos, pandillaje y sicariato remecen varios lugares del pa\u00eds e involucran a adolescentes y j\u00f3venes desde muy temprana edad, muchos de ellos atrapados en el consumo de drogas, alcoholismo y otras dependencias degenerativas. Asimismo, existe el maltrato cotidiano a la mujer, el desprecio a la dignidad de la vida humana desde su concepci\u00f3n hasta la muerte natural, la falta de respeto a las comunidades ind\u00edgenas, el uso irracional de los recursos naturales, la explotaci\u00f3n infantil y la trata de personas.<o:p><\/o:p><\/p>\n<p class=\"MsoNormal\" style=\"margin-bottom: 0.0001pt; text-align: justify;\">La conjunci\u00f3n entre corrupci\u00f3n, narcotr\u00e1fico e inseguridad ciudadana genera un c\u00edrculo vicioso que aniquila personas, violenta los derechos humanos, destruye la naturaleza, debilita nuestras fr\u00e1giles instituciones sociales y pol\u00edticas, y frena el desarrollo integral de un pa\u00eds que desea pertenecer al grupo de naciones que se distinguen por la calidad de vida que ofrecen a la sociedad.<o:p><\/o:p><\/p>\n<p class=\"MsoNormal\" style=\"margin-bottom: 0.0001pt; text-align: justify;\">Esta realidad nos conmociona y a la vez presenta se\u00f1ales inequ\u00edvocas del grave deterioro moral de nuestra vida social, que requiere denodados esfuerzos de las autoridades y la cooperaci\u00f3n de las familias, la sociedad y las Iglesias. La abrumadora mayor\u00eda del pa\u00eds desea construir la paz y exige a sus gobernantes acciones decididas contra la corrupci\u00f3n, el narcotr\u00e1fico y la violencia cotidiana.<o:p><\/o:p><\/p>\n<p class=\"MsoNormal\" style=\"margin-bottom: 0.0001pt; text-align: justify;\"><o:p>\u00a0<\/o:p><\/p>\n<p class=\"MsoNormal\" style=\"margin-bottom: 0.0001pt; text-align: justify;\">II. \u00a0\u00a0Luces para la paz<o:p><\/o:p><\/p>\n<p class=\"MsoNormal\" style=\"margin-bottom: 0.0001pt; text-align: justify;\">La paz es la buena noticia del Evangelio. Es la preciada herencia de la alegr\u00eda de Jes\u00fas resucitado (Cf. <i>Jn <\/i>20,19-21). Es una paz que debemos construir entre todos, d\u00eda a d\u00eda. Jes\u00fas nos dice: \u201cBienaventurados los que trabajan por la paz\u201d <i>(Mt <\/i>5,9).<o:p><\/o:p><\/p>\n<p class=\"MsoNormal\" style=\"margin-bottom: 0.0001pt; text-align: justify;\">Trabajar por la paz significa luchar contra la corrupci\u00f3n en todas sus formas. El papa Francisco ha dicho que \u201cla corrupci\u00f3n es en s\u00ed misma un proceso de muerte\u201d. Esta realidad \u201cse ha vuelto natural, al punto de llegar a constituir un estado personal y social ligado a la costumbre, una pr\u00e1ctica habitual en las transacciones comerciales y financieras, en las contrataciones p\u00fablicas, en cada negociaci\u00f3n que implica a agentes del Estado. Es la victoria de la apariencia sobre la realidad y de la desfachatez imp\u00fadica sobre la discreci\u00f3n honorable\u201d (A la Asociaci\u00f3n Internacional de Derecho Penal, 23.10.2014).<o:p><\/o:p><\/p>\n<p class=\"MsoNormal\" style=\"margin-bottom: 0.0001pt; text-align: justify;\">Por otra parte, el documento de Aparecida nos advierte que \u201cla paz es un bien preciado pero precario, que debemos cuidar\u201d. Pide a los cristianos del continente \u201cuna <i>cultura de paz<\/i> que sea fruto de un desarrollo sustentable, equitativo y respetuoso de la creaci\u00f3n\u201d. Ser constructores de paz significa \u201cenfrentar conjuntamente los ataques del narcotr\u00e1fico y consumo de drogas, del terrorismo y de las muchas formas de violencia que hoy imperan en nuestra sociedad\u201d. Por eso la Iglesia quiere ser \u201cuna escuela de verdad y de justicia, de perd\u00f3n y reconciliaci\u00f3n para construir una paz aut\u00e9ntica\u201d (n\u00b0 542).<o:p><\/o:p><\/p>\n<p class=\"MsoNormal\" style=\"margin-bottom: 0.0001pt; text-align: justify;\"><o:p>\u00a0<\/o:p><\/p>\n<p class=\"MsoNormal\" style=\"margin-bottom: 0.0001pt; text-align: justify;\">III. \u00a0\u00a0Por un di\u00e1logo y consenso nacional por la paz<o:p><\/o:p><\/p>\n<p class=\"MsoNormal\" style=\"margin-bottom: 0.0001pt; text-align: justify;\">1. \u00a0 Todos estamos llamados a construir la paz en los diferentes \u00e1mbitos de nuestra vida: familia, trabajo, centro de estudios, barrio, ciudad, instancias sociales, culturales, pol\u00edticas y religiosas en las que participamos. No habr\u00e1 paz duradera y sostenida si no hay en cada uno de nosotros la firme decisi\u00f3n de construir la paz. \u00a1No seamos indiferentes a todo signo de violencia verbal o f\u00edsica, de corrupci\u00f3n y deshonestidad! Reiteramos nuestro rechazo al dicho generalizado: \u201cNo importa que las autoridades elegidas roben con tal que hagan obras\u201d.<o:p><\/o:p><\/p>\n<p class=\"MsoNormal\" style=\"margin-bottom: 0.0001pt; text-align: justify;\">2. \u00a0 Educar para la paz es un proceso pedag\u00f3gico que implica asumir principios y valores irrenunciables tanto en las familias e instituciones educativas como en las m\u00faltiples instancias sociales que contribuyen a la formaci\u00f3n de las personas. Llamamos a todas las instituciones sociales a redoblar sus esfuerzos para hacer de este valor un eje transversal de su planeamiento en el pr\u00f3ximo quinquenio. \u00a1Eduquemos para la paz, don de Dios, que tambi\u00e9n es fruto del respeto y la armon\u00eda entre las personas y su entorno natural!<o:p><\/o:p><\/p>\n<p class=\"MsoNormal\" style=\"margin-bottom: 0.0001pt; text-align: justify;\"><o:p>3. \u00a0 L<\/o:p>as nuevas generaciones, en particular los j\u00f3venes, son actores fundamentales en la construcci\u00f3n de la paz. Sus derechos, tambi\u00e9n los laborales, deben ser respetados a fin de que se pueda garantizar su adecuada inserci\u00f3n en el desarrollo integral del pa\u00eds. Asumimos las palabras del papa Francisco de alentar a los j\u00f3venes a ser actores y protagonistas de una nueva sociedad.<o:p><\/o:p><\/p>\n<p class=\"MsoNormal\" style=\"margin-bottom: 0.0001pt; text-align: justify;\">4. \u00a0 Los medios de comunicaci\u00f3n juegan un rol clave en la generaci\u00f3n de una cultura de paz. No pueden difundir informaci\u00f3n bajo el criterio de \u201clo que vende\u201d o \u201clo que le gusta a la gente\u201d. Un consenso por la paz requiere una comunicaci\u00f3n social autorregulada desde valores \u00e9ticos. \u00a1No a una comunicaci\u00f3n que resalta la violencia cotidiana y corrompe el coraz\u00f3n y la dignidad de las personas! \u00a1S\u00ed a la bondad, solidaridad y b\u00fasqueda de la paz que est\u00e1n presentes en la vida cotidiana de muchos conciudadanos!<o:p><\/o:p><\/p>\n<p class=\"MsoNormal\" style=\"margin-bottom: 0.0001pt; text-align: justify;\">5. \u00a0 Las autoridades deben cumplir un rol activo y eficaz especialmente frente a la delincuencia y sus redes, y de protecci\u00f3n a las iniciativas por la paz y seguridad de la ciudadan\u00eda, dentro de un marco jur\u00eddico coherente y de respeto a los derechos de las personas. \u00a1Que gobernantes honestos y respetuosos de los derechos humanos escuchen el clamor de los pobres!<o:p><\/o:p><\/p>\n<p class=\"MsoNormal\" style=\"margin-bottom: 0.0001pt; text-align: justify;\">6. \u00a0 Necesitamos, como dice el papa Francisco, rehabilitar la pol\u00edtica. No son cristianos ni buenos pol\u00edticos aquellos que, aunque llam\u00e1ndose tales, terminan envueltos en las redes de la corrupci\u00f3n, el narcotr\u00e1fico y la violencia. Esos son los lobos rapaces disfrazados de ovejas de los que habla el Evangelio (Cf. <i>Mt <\/i>7,15-19). Convocamos a los cristianos aut\u00e9nticos y a todas las personas de buena voluntad a comprometerse pol\u00edticamente para una urgente reforma del Estado y una participaci\u00f3n \u00e9tica de la ciudadan\u00eda. El Per\u00fa se merece una paz sustentable y duradera, basada en la dignidad de la persona humana y en la pr\u00e1ctica transparente de la funci\u00f3n p\u00fablica. \u00a1Invitamos a conformar Mesas Interinstitucionales de di\u00e1logo, reflexi\u00f3n y acci\u00f3n por la paz en nuestro pa\u00eds!<o:p><\/o:p><\/p>\n<p class=\"MsoNormal\" style=\"margin-bottom: 0.0001pt; text-align: justify;\">Pedimos la necesaria ayuda de nuestro buen pastor y amigo de la vida, Jes\u00fas resucitado, y de nuestra madre Mar\u00eda, Reina de la paz, para iniciar ahora una campa\u00f1a esperanzadora e inclusiva de colaboraci\u00f3n abierta y eficaz para vencer la corrupci\u00f3n, violencia e inseguridad con signos constantes y valientes de paz y de vida.<o:p><\/o:p><\/p>\n<p class=\"MsoNormal\" style=\"margin-bottom: 0.0001pt; text-align: justify;\">Lima, 23 de enero de 2015<o:p><\/o:p><\/p>\n<p class=\"MsoNormal\" style=\"margin-bottom: 0.0001pt; text-align: justify;\"><b>\u00a0<\/b><\/p>\n<p class=\"MsoNormal\" align=\"center\" style=\"margin-bottom: 0.0001pt; text-align: center;\">Sus hermanos y servidores,<o:p><\/o:p><\/p>\n<p class=\"MsoNormal\" align=\"center\" style=\"text-align:center\">los obispos del Per\u00fa<\/p>\n<p><a href=\"http:\/\/web.hilo.org.pe\/wp-content\/uploads\/CONFERENCIA DE PRENSA - 23 ENERO.jpg\" target=\"_blank\" rel=\"noopener\">Ver archivo adjunto<\/a><\/p>\n","protected":false},"excerpt":{"rendered":"<p>Los Obispos del Per? ofrecieron una conferencia de prensa, donde dieron a conocer a todos los creyentes, a las autoridades y personas de buena voluntad, su reflexi?n y propuesta de acci?n por la paz, que implica -seg?n la Biblia- di?logo, reconciliaci?n, solidaridad, justicia, armon?a entre Dios, las personas y la naturaleza, nuestra casa com?n. Compartimos el mensaje.<\/p>\n","protected":false},"author":1,"featured_media":7882,"comment_status":"closed","ping_status":"closed","sticky":false,"template":"","format":"standard","meta":{"footnotes":""},"categories":[9],"tags":[],"class_list":["post-2169","post","type-post","status-publish","format-standard","has-post-thumbnail","hentry","category-noticias"],"_links":{"self":[{"href":"https:\/\/ceas.org.pe\/index.php\/wp-json\/wp\/v2\/posts\/2169","targetHints":{"allow":["GET"]}}],"collection":[{"href":"https:\/\/ceas.org.pe\/index.php\/wp-json\/wp\/v2\/posts"}],"about":[{"href":"https:\/\/ceas.org.pe\/index.php\/wp-json\/wp\/v2\/types\/post"}],"author":[{"embeddable":true,"href":"https:\/\/ceas.org.pe\/index.php\/wp-json\/wp\/v2\/users\/1"}],"replies":[{"embeddable":true,"href":"https:\/\/ceas.org.pe\/index.php\/wp-json\/wp\/v2\/comments?post=2169"}],"version-history":[{"count":1,"href":"https:\/\/ceas.org.pe\/index.php\/wp-json\/wp\/v2\/posts\/2169\/revisions"}],"predecessor-version":[{"id":7051,"href":"https:\/\/ceas.org.pe\/index.php\/wp-json\/wp\/v2\/posts\/2169\/revisions\/7051"}],"wp:featuredmedia":[{"embeddable":true,"href":"https:\/\/ceas.org.pe\/index.php\/wp-json\/wp\/v2\/media\/7882"}],"wp:attachment":[{"href":"https:\/\/ceas.org.pe\/index.php\/wp-json\/wp\/v2\/media?parent=2169"}],"wp:term":[{"taxonomy":"category","embeddable":true,"href":"https:\/\/ceas.org.pe\/index.php\/wp-json\/wp\/v2\/categories?post=2169"},{"taxonomy":"post_tag","embeddable":true,"href":"https:\/\/ceas.org.pe\/index.php\/wp-json\/wp\/v2\/tags?post=2169"}],"curies":[{"name":"wp","href":"https:\/\/api.w.org\/{rel}","templated":true}]}}