{"id":2164,"date":"2015-01-23T10:06:01","date_gmt":"2015-01-23T10:06:01","guid":{"rendered":""},"modified":"2026-03-11T09:12:16","modified_gmt":"2026-03-11T14:12:16","slug":"obispos-del-pero-se-pronunciaron-sobre-la-inseguridad-ciudadana-en-el-paos","status":"publish","type":"post","link":"https:\/\/ceas.org.pe\/index.php\/2015\/01\/23\/obispos-del-pero-se-pronunciaron-sobre-la-inseguridad-ciudadana-en-el-paos\/","title":{"rendered":"Obispos del Per\u00f3 se pronunciar\u00f3n sobre la inseguridad ciudadana en el pa\u00f3s"},"content":{"rendered":"<p>\u00a0<b style=\"text-align: center;\"><i>Conferencia Episcopal Peruana<\/i><\/b><\/p>\n<p class=\"MsoNormal\" align=\"center\" style=\"text-align:center\"><o:p><\/o:p><\/p>\n<p class=\"MsoNoSpacing\"><b><u>Convocatoria de Prensa 001-2015 <\/u><\/b><o:p><\/o:p><\/p>\n<p class=\"MsoNoSpacing\" align=\"center\" style=\"text-align:center\"><b>\u00a0 <\/b><o:p><\/o:p><\/p>\n<p class=\"MsoNoSpacing\" align=\"center\" style=\"text-align:center\"><b>HOY <\/b><o:p><\/o:p><\/p>\n<p class=\"MsoNoSpacing\" align=\"center\" style=\"text-align:center\"><b>OBISPOS DEL PER\u00da SE PRONUNCIAR\u00c1N <\/b><o:p><\/o:p><\/p>\n<p class=\"MsoNoSpacing\" align=\"center\" style=\"text-align:center\"><b>SOBRE LA INSEGURIDAD\u00a0CIUDADANA EN EL PA\u00cdS <\/b><o:p><\/o:p><\/p>\n<p class=\"MsoNoSpacing\" style=\"text-align:justify\">\u00a0 <o:p><\/o:p><\/p>\n<p class=\"MsoNoSpacing\" style=\"text-align:justify\">Los Obispos del Per\u00fa, convocan a todos los medios de comunicaci\u00f3n social del pa\u00eds a la conferencia de prensa que ofrecer\u00e1n para dar a conocer un comunicado sobre el actual momento de inseguridad ciudadana que vive el pa\u00eds, y su propuesta de acci\u00f3n por la paz. <o:p><\/o:p><\/p>\n<p class=\"MsoNoSpacing\" style=\"text-align:justify\">La conferencia de prensa se realizar\u00e1 <b><u>HOY<\/u><\/b> <b><u>viernes 23 de enero<\/u><\/b>, a las <b><u>12 m (hora exacta)<\/u><\/b>, en el auditorio de la Conferencia Episcopal Peruana, sito en Jr. Estados Unidos 838 &#8211; Jes\u00fas Mar\u00eda, y ser\u00e1 presidida por Monse\u00f1or Salvador Pi\u00f1eiro, Arzobispo de Ayacucho y Presidente de la Conferencia Episcopal Peruana, quien estar\u00e1 acompa\u00f1ado de un grupo de obispos participantes en esta Asamblea. <o:p><\/o:p><\/p>\n<p class=\"MsoNoSpacing\" style=\"text-align:justify\">Cabe recordar que, como pastores de la Iglesia Cat\u00f3lica, los Obispos est\u00e1n en todo el pa\u00eds acompa\u00f1ando a las personas y desde ah\u00ed observan con enorme preocupaci\u00f3n c\u00f3mo se incrementa la violencia, que se manifiesta, en robos, asaltos y asesinatos que aniquilan vidas humanas y llenan de dolor a las familias y a la sociedad en su conjunto. <o:p><\/o:p><\/p>\n<p class=\"MsoNoSpacing\" style=\"text-align:justify\">\u00a0 <o:p><\/o:p><\/p>\n<p class=\"MsoNoSpacing\" align=\"right\" style=\"text-align:right\">Agradecidos por su cobertura y difusi\u00f3n. <o:p><\/o:p><\/p>\n<p class=\"MsoNoSpacing\" style=\"text-align:justify\">\u00a0 <o:p><\/o:p><\/p>\n<p class=\"MsoNoSpacing\" align=\"right\" style=\"text-align:right\">Oficina de Prensa <o:p><\/o:p><\/p>\n<p class=\"MsoNoSpacing\" align=\"right\" style=\"text-align:right\">\u00a0 <o:p><\/o:p><\/p>\n<p class=\"MsoNoSpacing\" style=\"text-align:justify\">\u00a0 <o:p><\/o:p><\/p>\n<p class=\"MsoNoSpacing\" style=\"text-align:justify\">Lima, 23 de enero de 2015 <o:p><\/o:p><\/p>\n<p class=\"MsoNormal\"><o:p>\u00a0<\/o:p><\/p>\n<p><a href=\"http:\/\/web.hilo.org.pe\/wp-content\/uploads\/LOGO CEP.jpg\" target=\"_blank\" rel=\"noopener\">Ver archivo adjunto<\/a><\/p>\n","protected":false},"excerpt":{"rendered":"<p>Los Obispos del Per?, convocan hoy viernes 23 de enero a las 12 m, en el auditorio de la Conferencia Episcopal Peruana a todos los medios de comunicaci?n social del pa?s a la conferencia de prensa que ofrecer?n para dar a conocer un comunicado sobre el actual momento de inseguridad ciudadana que vive el pa?s, y su propuesta de acci?n por la paz.<\/p>\n","protected":false},"author":1,"featured_media":7854,"comment_status":"closed","ping_status":"closed","sticky":false,"template":"","format":"standard","meta":{"footnotes":""},"categories":[9],"tags":[],"class_list":["post-2164","post","type-post","status-publish","format-standard","has-post-thumbnail","hentry","category-noticias"],"_links":{"self":[{"href":"https:\/\/ceas.org.pe\/index.php\/wp-json\/wp\/v2\/posts\/2164","targetHints":{"allow":["GET"]}}],"collection":[{"href":"https:\/\/ceas.org.pe\/index.php\/wp-json\/wp\/v2\/posts"}],"about":[{"href":"https:\/\/ceas.org.pe\/index.php\/wp-json\/wp\/v2\/types\/post"}],"author":[{"embeddable":true,"href":"https:\/\/ceas.org.pe\/index.php\/wp-json\/wp\/v2\/users\/1"}],"replies":[{"embeddable":true,"href":"https:\/\/ceas.org.pe\/index.php\/wp-json\/wp\/v2\/comments?post=2164"}],"version-history":[{"count":1,"href":"https:\/\/ceas.org.pe\/index.php\/wp-json\/wp\/v2\/posts\/2164\/revisions"}],"predecessor-version":[{"id":7054,"href":"https:\/\/ceas.org.pe\/index.php\/wp-json\/wp\/v2\/posts\/2164\/revisions\/7054"}],"wp:featuredmedia":[{"embeddable":true,"href":"https:\/\/ceas.org.pe\/index.php\/wp-json\/wp\/v2\/media\/7854"}],"wp:attachment":[{"href":"https:\/\/ceas.org.pe\/index.php\/wp-json\/wp\/v2\/media?parent=2164"}],"wp:term":[{"taxonomy":"category","embeddable":true,"href":"https:\/\/ceas.org.pe\/index.php\/wp-json\/wp\/v2\/categories?post=2164"},{"taxonomy":"post_tag","embeddable":true,"href":"https:\/\/ceas.org.pe\/index.php\/wp-json\/wp\/v2\/tags?post=2164"}],"curies":[{"name":"wp","href":"https:\/\/api.w.org\/{rel}","templated":true}]}}