{"id":2162,"date":"2015-01-22T10:14:06","date_gmt":"2015-01-22T10:14:06","guid":{"rendered":""},"modified":"2026-03-11T09:12:16","modified_gmt":"2026-03-11T14:12:16","slug":"movilizacion-nacional-contra-la-anemia-y-la-desnutricion-infantil","status":"publish","type":"post","link":"https:\/\/ceas.org.pe\/index.php\/2015\/01\/22\/movilizacion-nacional-contra-la-anemia-y-la-desnutricion-infantil\/","title":{"rendered":"Movilizaci\u00f3n nacional contra la anemia y la desnutrici\u00f3n infantil"},"content":{"rendered":"<p>El martes 27 de enero se realizar\u00e1 el encuentro \u00abIV Alerta Ciudadana: Movilizaci\u00f3n nacional para enfrentar la desnutrici\u00f3n y la anemia infantil\u00bb, organizado por el Grupo Impulsor Inversi\u00f3n en la Infancia. Este encuentro se llevar\u00e1 a cabo en el auditorio de la \u00a0Facultad de Derecho de la Universidad Cat\u00f3lica de 11 a.m. a 12:30 p.m. y se transmitir\u00e1 en directo por internet a trav\u00e9s de Salgal\u00fa TV Online (www.salgalu.tv) y la p\u00e1gina web de Inversi\u00f3n en la Infancia (www.inversionenlainfancia.net).<\/p>\n<div>\u00a0<\/div>\n<div>En este encuentro contra la desnutrici\u00f3n y la anemia infantil, que ser\u00e1 dirigido por padre Gast\u00f3n Garatea, coordinador nacional del Grupo Impulsor Inversi\u00f3n en la Infancia, \u00a0participar\u00e1 el ministro de Salud, An\u00edbal Vel\u00e1squez. Tambi\u00e9n ha sido invitada la ministra de Desarrollo e Inclusi\u00f3n Social, Paola Bustamante. \u00a0Participar\u00e1n alcaldes de distintas zonas del pa\u00eds y presidentes regionales.\u00a0<\/div>\n<div>\u00a0<\/div>\n<div>En esta IV Alerta Ciudadana, Inversi\u00f3n en la Infancia presentar\u00e1 el manual \u201c\u00bfQu\u00e9 debo hacer como alcalde o regidor? Acciones para terminar con la desnutrici\u00f3n y anemia infantil\u201d, dirigido a los alcaldes, regidores y funcionarios municipales de todo el pa\u00eds para comprometerlos y capacitarlos en la lucha contra la desnutrici\u00f3n y la anemia infantil (ver nota: \u00abManual contra con la desnutrici\u00f3n y la anemia infantil\u00bb).\u00a0<\/div>\n<div>\u00a0<\/div>\n<div>En ese marco, esta iniciativa ciudadana tambi\u00e9n anunciar\u00e1 el inicio del curso online gratuito, dirigido a autoridades y funcionarios municipales y a la poblaci\u00f3n en general, basado en el contenido de este manual (ver nota: \u00abCurso virtual para alcaldes y regidores sobre combate contra la anemia y desnutrici\u00f3n infantil\u00bb).<\/div>\n<div>\u00a0<\/div>\n<div>Esta movilizaci\u00f3n nacional contra la anemia y la desnutrici\u00f3n infantil, promovida por Inversi\u00f3n en la Infancia con el apoyo del Ministerio de Salud y el Ministerio de Desarrollo e Inclusi\u00f3n Social, y organizaciones como UNICEF, GIZ de Alemania y la Fundaci\u00f3n Bernard van Leer de Holanda, entre otras, tiene como objetivo incidir en los gobiernos locales para que en su gesti\u00f3n prioricen la inversi\u00f3n en la primera infancia, principalmente en el combate contra la desnutrici\u00f3n y la anemia infantil. Asimismo, busca informar a las nuevas autoridades locales, y a la poblaci\u00f3n, sobre las acciones que deben y pueden desarrollar las municipalidades provinciales y distritales para combatir en sus localidades estos dos graves problemas que afectan a la infancia, c\u00f3mo hacerlo y c\u00f3mo acceder a fuentes de financiamiento para este fin.\u00a0<\/div>\n<div>\u00a0<\/div>\n<div>\u00a0<\/div>\n<div>La presentaci\u00f3n del curso \u201c\u00bfQu\u00e9 debo hacer como alcalde o regidor? Acciones para terminar con la desnutrici\u00f3n y anemia infantil\u201d, estar\u00e1 a cargo de los miembros del Grupo Impulsor Inversi\u00f3n en la Infancia: el m\u00e9dico pediatra, especialista en gesti\u00f3n de proyectos y pol\u00edtica p\u00fablica, \u00d3scar Castillo; el ex viceministro de Econom\u00eda, Javier Abugattas; y la educadora y ex ministra de Educaci\u00f3n, Gloria Helfer. Por su parte, presidentes regionales y alcaldes analizar\u00e1n la prioridad que debe tener la primera infancia en la gesti\u00f3n regional y municipal.\u00a0<\/div>\n<div>\u00a0<\/div>\n<div>Uno de cada dos ni\u00f1os peruanos est\u00e1 afectado por la anemia y uno de cada cinco tiene desnutrici\u00f3n cr\u00f3nica (ver nota: \u00abUn mill\u00f3n de ni\u00f1os tiene anemia y m\u00e1s de 400 mil desnutrici\u00f3n cr\u00f3nica\u00bb).<\/div>\n<div>\u00a0<\/div>\n<div>Fuente: inversionenlainfancia.net<\/div>\n<p><a href=\"http:\/\/web.hilo.org.pe\/wp-content\/uploads\/desnutricion.jpg\" target=\"_blank\" rel=\"noopener\">Ver archivo adjunto<\/a><\/p>\n","protected":false},"excerpt":{"rendered":"<p>El martes 27 de enero se realizar? el encuentro \u00abIV Alerta Ciudadana: Movilizaci?n nacional para enfrentar la desnutrici?n y la anemia infantil\u00bb, organizado por el Grupo Impulsor Inversi?n en la Infancia. Este encuentro se llevar? a cabo en el auditorio de la  Facultad de Derecho de la Universidad Cat?lica de 11 a.m. a 12:30 p.m. y se transmitir? en directo por internet a trav?s de Salgal? TV Online (www.salgalu.tv) y la p?gina web de Inversi?n en la Infancia (www.inversionenlainfancia.net).<\/p>\n","protected":false},"author":1,"featured_media":7944,"comment_status":"closed","ping_status":"closed","sticky":false,"template":"","format":"standard","meta":{"footnotes":""},"categories":[9],"tags":[],"class_list":["post-2162","post","type-post","status-publish","format-standard","has-post-thumbnail","hentry","category-noticias"],"_links":{"self":[{"href":"https:\/\/ceas.org.pe\/index.php\/wp-json\/wp\/v2\/posts\/2162","targetHints":{"allow":["GET"]}}],"collection":[{"href":"https:\/\/ceas.org.pe\/index.php\/wp-json\/wp\/v2\/posts"}],"about":[{"href":"https:\/\/ceas.org.pe\/index.php\/wp-json\/wp\/v2\/types\/post"}],"author":[{"embeddable":true,"href":"https:\/\/ceas.org.pe\/index.php\/wp-json\/wp\/v2\/users\/1"}],"replies":[{"embeddable":true,"href":"https:\/\/ceas.org.pe\/index.php\/wp-json\/wp\/v2\/comments?post=2162"}],"version-history":[{"count":1,"href":"https:\/\/ceas.org.pe\/index.php\/wp-json\/wp\/v2\/posts\/2162\/revisions"}],"predecessor-version":[{"id":7056,"href":"https:\/\/ceas.org.pe\/index.php\/wp-json\/wp\/v2\/posts\/2162\/revisions\/7056"}],"wp:featuredmedia":[{"embeddable":true,"href":"https:\/\/ceas.org.pe\/index.php\/wp-json\/wp\/v2\/media\/7944"}],"wp:attachment":[{"href":"https:\/\/ceas.org.pe\/index.php\/wp-json\/wp\/v2\/media?parent=2162"}],"wp:term":[{"taxonomy":"category","embeddable":true,"href":"https:\/\/ceas.org.pe\/index.php\/wp-json\/wp\/v2\/categories?post=2162"},{"taxonomy":"post_tag","embeddable":true,"href":"https:\/\/ceas.org.pe\/index.php\/wp-json\/wp\/v2\/tags?post=2162"}],"curies":[{"name":"wp","href":"https:\/\/api.w.org\/{rel}","templated":true}]}}