{"id":2161,"date":"2015-01-21T11:26:46","date_gmt":"2015-01-21T11:26:46","guid":{"rendered":""},"modified":"2026-03-11T09:12:16","modified_gmt":"2026-03-11T14:12:16","slug":"reeligen-a-monseoor-pioeiro-como-presidente-de-la-conferencia-episcopal-peruana","status":"publish","type":"post","link":"https:\/\/ceas.org.pe\/index.php\/2015\/01\/21\/reeligen-a-monseoor-pioeiro-como-presidente-de-la-conferencia-episcopal-peruana\/","title":{"rendered":"Reeligen a Monse\u00f3or Pi\u00f3eiro como Presidente de la Conferencia Episcopal Peruana"},"content":{"rendered":"<div>Monse\u00f1or Salvador Pi\u00f1eiro continuar\u00e1 como Presidente de los Obispos del Per\u00fa para el per\u00edodo 2015 &#8211; 2018.<\/div>\n<div>Los Obispos tambi\u00e9n eligieron a Monse\u00f1or Miguel Cabrejos, Arzobispo de Trujillo, como Primer Vice Presidente, y a Monse\u00f1or Pedro Barreto, Arzobispo de Huancayo, como Segundo Vice Presidente.<\/div>\n<div>\u00a0<\/div>\n<div>Fuente: facebook<\/div>\n<p><a href=\"http:\/\/web.hilo.org.pe\/wp-content\/uploads\/pineiro.jpg\" target=\"_blank\" rel=\"noopener\">Ver archivo adjunto<\/a><\/p>\n","protected":false},"excerpt":{"rendered":"<p>Monse?or Salvador Pi?eiro continuar? como Presidente de los Obispos del Per? para el per?odo 2015 &#8211; 2018.<br \/>\nLos Obispos tambi?n eligieron a Monse?or Miguel Cabrejos, Arzobispo de Trujillo, como Primer Vice Presidente, y a Monse?or Pedro Barreto, Arzobispo de Huancayo, como Segundo Vice Presidente<\/p>\n","protected":false},"author":1,"featured_media":5502,"comment_status":"closed","ping_status":"closed","sticky":false,"template":"","format":"standard","meta":{"footnotes":""},"categories":[9],"tags":[],"class_list":["post-2161","post","type-post","status-publish","format-standard","has-post-thumbnail","hentry","category-noticias"],"_links":{"self":[{"href":"https:\/\/ceas.org.pe\/index.php\/wp-json\/wp\/v2\/posts\/2161","targetHints":{"allow":["GET"]}}],"collection":[{"href":"https:\/\/ceas.org.pe\/index.php\/wp-json\/wp\/v2\/posts"}],"about":[{"href":"https:\/\/ceas.org.pe\/index.php\/wp-json\/wp\/v2\/types\/post"}],"author":[{"embeddable":true,"href":"https:\/\/ceas.org.pe\/index.php\/wp-json\/wp\/v2\/users\/1"}],"replies":[{"embeddable":true,"href":"https:\/\/ceas.org.pe\/index.php\/wp-json\/wp\/v2\/comments?post=2161"}],"version-history":[{"count":1,"href":"https:\/\/ceas.org.pe\/index.php\/wp-json\/wp\/v2\/posts\/2161\/revisions"}],"predecessor-version":[{"id":7057,"href":"https:\/\/ceas.org.pe\/index.php\/wp-json\/wp\/v2\/posts\/2161\/revisions\/7057"}],"wp:featuredmedia":[{"embeddable":true,"href":"https:\/\/ceas.org.pe\/index.php\/wp-json\/wp\/v2\/media\/5502"}],"wp:attachment":[{"href":"https:\/\/ceas.org.pe\/index.php\/wp-json\/wp\/v2\/media?parent=2161"}],"wp:term":[{"taxonomy":"category","embeddable":true,"href":"https:\/\/ceas.org.pe\/index.php\/wp-json\/wp\/v2\/categories?post=2161"},{"taxonomy":"post_tag","embeddable":true,"href":"https:\/\/ceas.org.pe\/index.php\/wp-json\/wp\/v2\/tags?post=2161"}],"curies":[{"name":"wp","href":"https:\/\/api.w.org\/{rel}","templated":true}]}}